{"id":341,"date":"2023-05-08T20:32:59","date_gmt":"2023-05-08T20:32:59","guid":{"rendered":"https:\/\/www.critical-stages.org\/27\/?p=341"},"modified":"2023-05-19T20:34:00","modified_gmt":"2023-05-19T20:34:00","slug":"i-like-to-go-backwards-in-order-to-push-myself-forward-interview-with-sara-barros-leitao","status":"publish","type":"post","link":"https:\/\/www.critical-stages.org\/27\/i-like-to-go-backwards-in-order-to-push-myself-forward-interview-with-sara-barros-leitao\/","title":{"rendered":"\u201cI like to go backwards in order to push myself forward.\u201d Interview with Sara Barros Leit\u00e3o"},"content":{"rendered":"\n<p class=\"has-text-align-right\"><strong>by Beatriz Catarino<\/strong><a href=\"#end\" name=\"back\">*<\/a><\/p>\n\n\n\n<p>Sara Barros Leit\u00e3o, born in Porto, 1990, is the 2020 recipient of the Pr\u00e9mio Revela\u00e7\u00e3o Ageas Teatro Nacional D. Maria II, an annual award which aims to acknowledge and promote young Portuguese theatre and performance artists; with her award money, she founded Her\u00f3ides, a feminist book club. She is a board member of the Association for Workers of the Performing Arts (PLATEIA), and has founded the artistic structure, Cassandra, in 2020. Sara Barros Leit\u00e3o initially studied Acting at the Contemporary Academy of Performing Arts and then started a bachelor\u2019s degree in Classic Studies, School of Arts and Humanities, University of Lisbon. She went on to start a master\u2019s degree in Women\u2019s Studies, Open University.<\/p>\n\n\n\n<p>Sara Barros Leit\u00e3o currently works as an actress, playwright and director. She began her acting career in 2007, at age 16, as a performer in a Portuguese soap opera. This experience prompted her to move to the national capital, where she remained for ten years, appearing regularly in soap operas, theatre, and cinema. Her background in television increased her awareness of workers\u2019 rights, a cause which she has strongly and consistently supported over the years.&nbsp; At the present time, Sara Barros Leit\u00e3o is working on a staged reading for the National Theatre of Catalunya.<\/p>\n\n\n<div class=\"wp-block-image\">\n<figure class=\"aligncenter size-full\"><img loading=\"lazy\" decoding=\"async\" width=\"800\" height=\"532\" src=\"https:\/\/www.critical-stages.org\/27\/wp-content\/uploads\/sites\/28\/2023\/05\/image1.jpeg\" alt=\"\" class=\"wp-image-343\" srcset=\"https:\/\/www.critical-stages.org\/27\/wp-content\/uploads\/sites\/28\/2023\/05\/image1.jpeg 800w, https:\/\/www.critical-stages.org\/27\/wp-content\/uploads\/sites\/28\/2023\/05\/image1-300x200.jpeg 300w, https:\/\/www.critical-stages.org\/27\/wp-content\/uploads\/sites\/28\/2023\/05\/image1-768x511.jpeg 768w\" sizes=\"auto, (max-width: 800px) 100vw, 800px\" \/><figcaption class=\"wp-element-caption\"><em>Mon\u00f3logo de uma mulher chamada Maria com a sua patroa<\/em>. Photo: Teresa Pacheco Miranda<\/figcaption><\/figure>\n<\/div>\n\n\n<p class=\"question\">How did you become involved in the theatre, and why has theatre remained in your life?<\/p>\n\n\n\n<p>I didn\u2019t go to the theatre very often as a child, but even so, it was always attractive to me. In fact, I believe it\u2019s possible to like things even if we haven\u2019t yet experienced them directly.\u00a0 Theatre is very similar to playing, and I grew up in an environment where my imagination was strongly nurtured. The process from playing to performing professionally was very organic. In my teenage years, I participated in theatre clubs, and when I had to choose what to do with my life in terms of my studies, I chose to study in a theatre school.<\/p>\n\n\n\n<p>I remember my first class, Theatre Aesthetics, taught by Zeferino Mota, a teacher who was fundamental in my growth and way of thinking. At the time, I didn\u2019t understand anything and I found that strangeness wonderful. I decided that theatre was what I wanted to do for the rest of my life. Nowadays, however, I\u2019m not so sure. There are days I\u2019m sure I won\u2019t always be working in theatre and other days when I can\u2019t see myself doing anything else. Either way, I always end up working through paths that either cross or walk alongside theatre in some way.<\/p>\n\n\n\n<p class=\"question\">You\u2019ve described memory as a space of intimate freedom, but at the same time, any headline that concerns you will include the term \u201cactivist.\u201d Where do you place memory in the production of urgency?&nbsp;<\/p>\n\n\n\n<p>The way I was described a few years ago didn\u2019t include the word \u201cactivist.\u201d I slowly realized that journalists, when writing these types of profiles, usually search the artist\u2019s biographies. That means the way you refer to yourself gets perpetuated in the media. Therefore, I altered my biography and described myself also as an activist, which began to be repeated in a very pronounced way. Most of the time it\u2019s not about the work we develop, but the way people perceive it. When it comes to the link between memory of the past and urgency of the present, I think they are deeply interconnected. Problematizing the present requires looking back, and understanding what caused us to get where we are now. But I try to do this without much nostalgia. I like to go backwards in order to push myself forward.<\/p>\n\n\n<div class=\"wp-block-image\">\n<figure class=\"aligncenter size-full\"><img loading=\"lazy\" decoding=\"async\" width=\"800\" height=\"533\" src=\"https:\/\/www.critical-stages.org\/27\/wp-content\/uploads\/sites\/28\/2023\/05\/image2-2.jpeg\" alt=\"\" class=\"wp-image-344\" srcset=\"https:\/\/www.critical-stages.org\/27\/wp-content\/uploads\/sites\/28\/2023\/05\/image2-2.jpeg 800w, https:\/\/www.critical-stages.org\/27\/wp-content\/uploads\/sites\/28\/2023\/05\/image2-2-300x200.jpeg 300w, https:\/\/www.critical-stages.org\/27\/wp-content\/uploads\/sites\/28\/2023\/05\/image2-2-768x512.jpeg 768w\" sizes=\"auto, (max-width: 800px) 100vw, 800px\" \/><figcaption class=\"wp-element-caption\"><em>Teoria das Tr\u00eas idades<\/em>. Photo: Filipe Ferreira<\/figcaption><\/figure>\n<\/div>\n\n\n<p class=\"question\">Among the set of traits that are associated with you, where do you place feminism?<\/p>\n\n\n\n<p>Feminism might be one of the most problematic labels in terms of how people perceive my work. If, on the one hand, feminism is present in my work, it is because feminism is part of who I am; on the other hand, by being labeled \u201cfeminist,\u201d that leads to a demand for all my work to be focused on feminism. Feminism implies an urgency to make change on a structural level, but there are things that don\u2019t require change: love, or missing something or someone, for example. I recently wrote a play about the moment when lockdown was imposed, from the point of view of the theatre, in which ghosts inhabit closed theatres and create their own performances. What does this have to do with feminism? Nothing. With activism? Nothing. My focus is on theatre and my enchantment with it. I\u2019m creating a play that is not going to change the world.<\/p>\n\n\n<div class=\"wp-block-image\">\n<figure class=\"aligncenter size-full\"><img loading=\"lazy\" decoding=\"async\" width=\"800\" height=\"533\" src=\"https:\/\/www.critical-stages.org\/27\/wp-content\/uploads\/sites\/28\/2023\/05\/image3-2.jpeg\" alt=\"\" class=\"wp-image-345\" srcset=\"https:\/\/www.critical-stages.org\/27\/wp-content\/uploads\/sites\/28\/2023\/05\/image3-2.jpeg 800w, https:\/\/www.critical-stages.org\/27\/wp-content\/uploads\/sites\/28\/2023\/05\/image3-2-300x200.jpeg 300w, https:\/\/www.critical-stages.org\/27\/wp-content\/uploads\/sites\/28\/2023\/05\/image3-2-768x512.jpeg 768w\" sizes=\"auto, (max-width: 800px) 100vw, 800px\" \/><figcaption class=\"wp-element-caption\"><em>Todos os dias me sujo de coisas eternas<\/em>. Photo: Dinis Santos<\/figcaption><\/figure>\n<\/div>\n\n\n<p class=\"question\">How did you arrive at your first project as director, and how would you describe the experience?<\/p>\n\n\n\n<p>It\u2019s hard to determine first experiences. I\u2019m not sure if the plays I directed in my grandparent\u2019s garage count or not, or if the ones I directed in school are relevant. I think that my first directing experience is actually spread across multiple instances and temporal frames. For example, <em>Teoria das Tr\u00eas Idades<\/em> wasn\u2019t my first project in staging, but I consider it to be my first creation. I wrote, directed, and performed in it, after an extended period of research. I was working as an actress and co-creator in Teatro Experimental do Porto when I came across the company\u2019s archive, and I devoted many hours to reading it. The next year, when the company celebrated its 65<sup>th<\/sup> birthday, I was invited to develop a play from that same archive.<\/p>\n\n\n<div class=\"wp-block-image\">\n<figure class=\"aligncenter size-full\"><img loading=\"lazy\" decoding=\"async\" width=\"800\" height=\"533\" src=\"https:\/\/www.critical-stages.org\/27\/wp-content\/uploads\/sites\/28\/2023\/05\/image4-2.jpeg\" alt=\"\" class=\"wp-image-346\" srcset=\"https:\/\/www.critical-stages.org\/27\/wp-content\/uploads\/sites\/28\/2023\/05\/image4-2.jpeg 800w, https:\/\/www.critical-stages.org\/27\/wp-content\/uploads\/sites\/28\/2023\/05\/image4-2-300x200.jpeg 300w, https:\/\/www.critical-stages.org\/27\/wp-content\/uploads\/sites\/28\/2023\/05\/image4-2-768x512.jpeg 768w\" sizes=\"auto, (max-width: 800px) 100vw, 800px\" \/><figcaption class=\"wp-element-caption\"><em>Teoria das Tr\u00eas idades.<\/em> Photo: Filipe Ferreira<\/figcaption><\/figure>\n<\/div>\n\n\n<p>What I created still continues to resonate within me. In fact, this year, I\u2019ve come back to it, and in revisiting the text, I see things that I no longer like as much as I did when I first wrote it. But in general, I can identify lines and aesthetics that I have continued to explore. I usually start by investigating a certain theme or archive, and then spending a long period of time reading and researching on my own. In the next stage, I collect my thoughts in the rehearsal room with the team, improvising and writing during rehearsals, and creating shows with somewhat artisanal solutions, which include conflict, action, and game. &nbsp;At the end of the day, I really like theatre, so I don\u2019t attempt to escape it.<\/p>\n\n\n<div class=\"wp-block-image\">\n<figure class=\"aligncenter size-full\"><img loading=\"lazy\" decoding=\"async\" width=\"800\" height=\"533\" src=\"https:\/\/www.critical-stages.org\/27\/wp-content\/uploads\/sites\/28\/2023\/05\/image5-1.jpeg\" alt=\"\" class=\"wp-image-347\" srcset=\"https:\/\/www.critical-stages.org\/27\/wp-content\/uploads\/sites\/28\/2023\/05\/image5-1.jpeg 800w, https:\/\/www.critical-stages.org\/27\/wp-content\/uploads\/sites\/28\/2023\/05\/image5-1-300x200.jpeg 300w, https:\/\/www.critical-stages.org\/27\/wp-content\/uploads\/sites\/28\/2023\/05\/image5-1-768x512.jpeg 768w\" sizes=\"auto, (max-width: 800px) 100vw, 800px\" \/><figcaption class=\"wp-element-caption\"><em>Teoria das Tr\u00eas idades<\/em>. Photo: Filipe Ferreira<\/figcaption><\/figure>\n<\/div>\n\n\n<p class=\"question\">Last year you were one of the artistic directors of the Teatro Oficina Guimar\u00e3es. In retrospect, how would you describe this experience?&nbsp;<\/p>\n\n\n\n<p>It was a brief experience, a year, which is not enough to conduct a truly transformative project. Artistic direction is based on dialogue with the territory, which includes the people, and the place, and it requires building relationships. At the time, I didn\u2019t feel like an artistic director, nor do I now; for the most part, I would sign documents as the artist director.\u00a0 Being an artistic director is knowing how to take a step back, without placing ourselves in the equation. The equation is the totality of the place, the budget, the ideas, the urgencies, and what I can do with that totality. It is about how I can contribute with my workforce. It\u2019s very different thinking of it in these terms, as opposed to how I think when I\u2019m overseeing the artistic direction of my own structure, which is mine, and the work I want to develop. In Teatro Oficina I was performing a public service.<\/p>\n\n\n\n<p class=\"question\">How would you describe the inclusion of the sign language interpreter in <font class=\"no-italics\">Mon\u00f3logo de uma mulher chamada Maria com a sua patroa<\/font>? You insisted on including her in the staging, which was and still is unusual.<\/p>\n\n\n\n<p>I\u2019ve had experiences doing shows where the interpreter was placed in a corner of the stage, sometimes even off the stage, and it always troubled me.&nbsp; It made no sense to pretend the interpreter wasn\u2019t there. She was there, on the stage, with me.<\/p>\n\n\n<div class=\"wp-block-image\">\n<figure class=\"aligncenter size-full\"><img loading=\"lazy\" decoding=\"async\" width=\"800\" height=\"533\" src=\"https:\/\/www.critical-stages.org\/27\/wp-content\/uploads\/sites\/28\/2023\/05\/image6-1.jpeg\" alt=\"\" class=\"wp-image-348\" srcset=\"https:\/\/www.critical-stages.org\/27\/wp-content\/uploads\/sites\/28\/2023\/05\/image6-1.jpeg 800w, https:\/\/www.critical-stages.org\/27\/wp-content\/uploads\/sites\/28\/2023\/05\/image6-1-300x200.jpeg 300w, https:\/\/www.critical-stages.org\/27\/wp-content\/uploads\/sites\/28\/2023\/05\/image6-1-768x512.jpeg 768w\" sizes=\"auto, (max-width: 800px) 100vw, 800px\" \/><figcaption class=\"wp-element-caption\"><em>Mon\u00f3logo de uma mulher chamada Maria com a sua patroa<\/em>. Photo: Teresa Pacheco Miranda<\/figcaption><\/figure>\n<\/div>\n\n\n<p>So we got her a costume and set markings for her. We arranged things so that she could always be seen, sometimes balancing out the elements of the space, so that we were interacting with each other. The deaf audience was able to watch everything I did without choosing where to look. <em>That\u2019s<\/em> true accessibility. And we carefully considered how this would affect the hearing audience\u2019s experience because there\u2019s always the notion that they\u2019ll get distracted by the presence of the interpreter. But they accepted it as it was. &nbsp;My younger brother told me, \u201cNow, it\u2019s complete.\u201d<\/p>\n\n\n<div class=\"wp-block-image\">\n<figure class=\"aligncenter size-full\"><img loading=\"lazy\" decoding=\"async\" width=\"800\" height=\"533\" src=\"https:\/\/www.critical-stages.org\/27\/wp-content\/uploads\/sites\/28\/2023\/05\/image7-1.jpeg\" alt=\"\" class=\"wp-image-349\" srcset=\"https:\/\/www.critical-stages.org\/27\/wp-content\/uploads\/sites\/28\/2023\/05\/image7-1.jpeg 800w, https:\/\/www.critical-stages.org\/27\/wp-content\/uploads\/sites\/28\/2023\/05\/image7-1-300x200.jpeg 300w, https:\/\/www.critical-stages.org\/27\/wp-content\/uploads\/sites\/28\/2023\/05\/image7-1-768x512.jpeg 768w\" sizes=\"auto, (max-width: 800px) 100vw, 800px\" \/><figcaption class=\"wp-element-caption\"><em>Mon\u00f3logo de uma mulher chamada Maria com a sua patroa<\/em>. Photo: Teresa Pacheco Miranda<\/figcaption><\/figure>\n<\/div>\n\n\n<p class=\"question\">You\u2019ve written and shared a report concerning the project in Teatro Municipal do Porto, <font class=\"no-italics\">(Des)ocupa\u00e7\u00e3o<\/font>, which didn\u2019t ever materialize. Assuming that a career in the theatre can also include projects that don\u2019t ever get to the stage, what role do you ascribe to that experience?<\/p>\n\n\n\n<p>It\u2019s part of a negative curriculum, the one people don\u2019t see, and marks a fundamental moment in my growth. Artists always find a way to make things work, even if everything goes wrong. But if we\u2019re being boycotted, we shouldn\u2019t premiere. When a series of production terms are constantly altered, when basic conditions like artistic freedom are threatened, it\u2019s fundamental for people to position themselves. I decided to make my case publicly available because it came to my knowledge that the same institution was repeating its abusive ways with another artist, one who didn\u2019t have the possibility of walking out.<\/p>\n\n\n\n<p>Courage is not the only requirement to say \u201cno.\u201d I wasn\u2019t financially dependent on that project, nor was my career. That\u2019s not always the case. It was necessary to expose the systemic mismanagement of artistic objects by that institution. This all came about at the end of January 2020 and in March there were articles and news pieces written about it every day. Then, by the 13th, Covid arrived, putting an end to what could have been a very transformative moment. But it taught me what I wanted and what the limits are. It was a great lesson.<\/p>\n\n\n\n<p class=\"question\">Until now, you\u2019ve written almost exclusively for yourself. But in December you\u2019ll debut a play with two actors. What changes when you write for others?<\/p>\n\n\n\n<p>I\u2019ve written for others, but maybe not as frequently nor with as much impact as when I write for myself. <em>As Coisas Pelos Nomes<\/em> started out as a monologue for two actresses, I also wrote and directed <em>Agora como Nunca<\/em> and <em>H\u00e1 ir e voltar<\/em>. Soon <em>N\u00e3o sou como a Figueira<\/em> will premiere, a play written for actresses that weren\u2019t previously selected. That was probably the first new thing for me: writing without knowing who was going to interpret the text. I\u2019m currently staging a reading of <em>Regras para um beijo<\/em> for the National Theatre of Catalunya with three Catalan actors, written specifically for this purpose. Writing for others is a path I\u2019m starting now, and I find it truly difficult not to stage what I write. I see my writing as half of my staging. However, I think it\u2019s easier for me to write and then have someone else directing, as opposed to staging something I didn\u2019t write. I directed Gil Vicente\u2019s concert <em>Trilogia das Barcas<\/em>, and William Shakespeare\u2019s <em>King Lear<\/em> and it was a huge challenge to fill them with life and ideas.&nbsp; Somehow, I\u2019m starting to feel more confident as a playwright than as a director.<a name=\"end\">&nbsp;<\/a><\/p>\n\n\n\n<hr class=\"wp-block-separator has-alpha-channel-opacity is-style-wide\"\/>\n\n\n\n<figure class=\"wp-block-image size-thumbnail alignnone\"><img loading=\"lazy\" decoding=\"async\" width=\"150\" height=\"150\" src=\"https:\/\/www.critical-stages.org\/27\/wp-content\/uploads\/sites\/28\/2023\/05\/Beatriz-Catarino-150x150.jpeg\" alt=\"\" class=\"wp-image-342\"\/><\/figure>\n\n\n\n<p><a name=\"end\" href=\"#back\">*<\/a><strong>Beatriz Catarino<\/strong> is currently finishing her bachelor\u2019s degree in Artistic Studies at the College of Arts and Humanities, University of Lisbon. She has previously studied props, figurines, and set design at a specialized art school. During the past year, she co-founded and organized a Lisbon-based theatre festival, Teatro Quadrado, which operates without the circulation of money and welcomes creators from all stages of life.<\/p>\n\n\n\n<p class=\"has-text-align-center has-small-font-size\">Copyright <strong>\u00a9<\/strong> 2023 Beatriz Catarino<br><em>Critical Stages\/Sc\u00e8nes critiques<\/em> e-ISSN:2409-7411<\/p>\n\n\n<div class=\"wp-block-image\">\n<figure class=\"aligncenter\"><a href=\"https:\/\/creativecommons.org\/licenses\/by-nc-nd\/4.0\/\" target=\"_blank\" rel=\"noreferrer noopener\"><img decoding=\"async\" src=\"https:\/\/www.critical-stages.org\/wp-content\/uploads\/2021\/03\/88x31.png\" alt=\"Creative Commons Attribution International License\"\/><\/a><\/figure>\n<\/div>\n\n\n<p class=\"has-text-align-center has-small-font-size\">This work is licensed under the<br>Creative Commons Attribution International License CC BY-NC-ND 4.0.<\/p>\n","protected":false},"excerpt":{"rendered":"","protected":false},"author":1,"featured_media":349,"comment_status":"closed","ping_status":"open","sticky":false,"template":"","format":"standard","meta":{"advanced_seo_description":"","jetpack_seo_html_title":"","jetpack_seo_noindex":false,"_jetpack_memberships_contains_paid_content":false,"footnotes":""},"categories":[7],"tags":[],"class_list":["post-341","post","type-post","status-publish","format-standard","has-post-thumbnail","hentry","category-interviews"],"jetpack_featured_media_url":"https:\/\/www.critical-stages.org\/27\/wp-content\/uploads\/sites\/28\/2023\/05\/image7-1.jpeg","jetpack_sharing_enabled":true,"jetpack_likes_enabled":true,"_links":{"self":[{"href":"https:\/\/www.critical-stages.org\/27\/wp-json\/wp\/v2\/posts\/341","targetHints":{"allow":["GET"]}}],"collection":[{"href":"https:\/\/www.critical-stages.org\/27\/wp-json\/wp\/v2\/posts"}],"about":[{"href":"https:\/\/www.critical-stages.org\/27\/wp-json\/wp\/v2\/types\/post"}],"author":[{"embeddable":true,"href":"https:\/\/www.critical-stages.org\/27\/wp-json\/wp\/v2\/users\/1"}],"replies":[{"embeddable":true,"href":"https:\/\/www.critical-stages.org\/27\/wp-json\/wp\/v2\/comments?post=341"}],"version-history":[{"count":3,"href":"https:\/\/www.critical-stages.org\/27\/wp-json\/wp\/v2\/posts\/341\/revisions"}],"predecessor-version":[{"id":422,"href":"https:\/\/www.critical-stages.org\/27\/wp-json\/wp\/v2\/posts\/341\/revisions\/422"}],"wp:featuredmedia":[{"embeddable":true,"href":"https:\/\/www.critical-stages.org\/27\/wp-json\/wp\/v2\/media\/349"}],"wp:attachment":[{"href":"https:\/\/www.critical-stages.org\/27\/wp-json\/wp\/v2\/media?parent=341"}],"wp:term":[{"taxonomy":"category","embeddable":true,"href":"https:\/\/www.critical-stages.org\/27\/wp-json\/wp\/v2\/categories?post=341"},{"taxonomy":"post_tag","embeddable":true,"href":"https:\/\/www.critical-stages.org\/27\/wp-json\/wp\/v2\/tags?post=341"}],"curies":[{"name":"wp","href":"https:\/\/api.w.org\/{rel}","templated":true}]}}