{"id":658,"date":"2021-12-18T10:05:10","date_gmt":"2021-12-18T10:05:10","guid":{"rendered":"https:\/\/www.critical-stages.org\/24\/?p=658"},"modified":"2021-12-18T10:27:50","modified_gmt":"2021-12-18T10:27:50","slug":"choc-de-cultures-entre-loccident-et-le-tiers-monde","status":"publish","type":"post","link":"https:\/\/www.critical-stages.org\/24\/choc-de-cultures-entre-loccident-et-le-tiers-monde\/","title":{"rendered":"Choc de cultures entre l\u2019Occident et le tiers-monde"},"content":{"rendered":"\n<p><strong>Michel Va\u00efs<\/strong><a href=\"#end\" name=\"back\">*<\/a><\/p>\n\n\n\n<p class=\"has-background\" style=\"background-color:#e3c7ca\"><em>Nassara<\/em>.Pi\u00e8ce de Carole Fr\u00e9chette, mise en sc\u00e8ne&nbsp;: Sophie Cadieux. Interpr\u00e8tes&nbsp;: Marie-Th\u00e9r\u00e8se Fortin (Marie-Odile Desnoyers), Stephie Mazunya (la Narratrice) et Moussa Sidib\u00e9 (Ali). Sc\u00e9nographie&nbsp;:&nbsp;Max-Otto Fauteux. Coproduction du Centre du Th\u00e9\u00e2tre d\u2019Aujourd\u2019hui (CTD\u2019A, Montr\u00e9al) et de R\u00e9cr\u00e9\u00e2trales (Ouagadougou), cr\u00e9\u00e9e au CTD\u2019A le 8 septembre 2021.<\/p>\n\n\n\n<p class=\"has-small-font-size\"><strong><u>Note&nbsp;:<\/u><\/strong> L\u2019acteur burkinab\u00e8 Moussa Sidib\u00e9 n\u2019ayant pas obtenu de visa pour le Canada, on n\u2019entendait que sa voix nerveuse, accompagn\u00e9e parfois de sa photo projet\u00e9e sur les murs, et un court film, \u00e0 la fin, lui permettait de venir saluer.<\/p>\n\n\n\n<p>L\u2019autrice Carole Fr\u00e9chette est bien connue au Qu\u00e9bec, notamment pour <a rel=\"noreferrer noopener\" href=\"https:\/\/www.critical-stages.org\/6\/madeleine-et-la-chine\/\" target=\"_blank\"><em>Les Quatre Morts de Marie<\/em>, <em>Le Collier d\u2019H\u00e9l\u00e8ne<\/em>, <em>Jean et B\u00e9atrice<\/em> et <em>Je pense \u00e0 Yu<\/em><\/a> (Herv\u00e9 Guay livre une critique s\u00e9v\u00e8re de cette pi\u00e8ce dans notre num\u00e9ro 6, en juin 2012), des pi\u00e8ces de th\u00e9\u00e2tre traduites dans une vingtaine de langues. Par ailleurs, Alvina Ruprecht signe dans notre premier num\u00e9ro, \u00e0 l\u2019automne 2009, une critique favorable de la production du <em><a rel=\"noreferrer noopener\" href=\"https:\/\/www.critical-stages.org\/1\/lorsque-le-quebec-et-la-martinique-se-croisent-le-collier-dhelene\/\" target=\"_blank\">Collier d\u2019H\u00e9l\u00e8ne<\/a><\/em> par une troupe martiniquaise.<\/p>\n\n\n\n<div class=\"wp-block-image\"><figure class=\"aligncenter size-full\"><img data-recalc-dims=\"1\" loading=\"lazy\" decoding=\"async\" width=\"400\" height=\"585\" src=\"https:\/\/i0.wp.com\/www.critical-stages.org\/24\/wp-content\/uploads\/sites\/25\/2021\/12\/PER-Nassara-Frechette-400.jpeg?resize=400%2C585&#038;ssl=1\" alt=\"\" class=\"wp-image-665\" srcset=\"https:\/\/i0.wp.com\/www.critical-stages.org\/24\/wp-content\/uploads\/sites\/25\/2021\/12\/PER-Nassara-Frechette-400.jpeg?w=400&amp;ssl=1 400w, https:\/\/i0.wp.com\/www.critical-stages.org\/24\/wp-content\/uploads\/sites\/25\/2021\/12\/PER-Nassara-Frechette-400.jpeg?resize=205%2C300&amp;ssl=1 205w\" sizes=\"auto, (max-width: 400px) 100vw, 400px\" \/><figcaption>Carole Fr\u00e9chette, l\u2019autrice. Photo : Claude Dolbec<\/figcaption><\/figure><\/div>\n\n\n\n<p>Cette fois, l\u2019id\u00e9e de d\u00e9part, comme dans <em>Le Collier d\u2019H\u00e9l\u00e8ne<\/em>, est venue d\u2019un s\u00e9jour \u00e0 l\u2019\u00e9tranger que Fr\u00e9chette a effectu\u00e9. \u00ab&nbsp;Nassara&nbsp;\u00bb veut dire \u00ab&nbsp;le Blanc&nbsp;\u00bb ou \u00ab&nbsp;la Blanche&nbsp;\u00bb en moor\u00e9, une des langues du Burkina Faso. C\u2019est ainsi que les enfants nommaient l\u2019autrice en se groupant joyeusement autour d\u2019elle chaque fois qu\u2019elle sortait de son h\u00f4tel. Dans cette pi\u00e8ce encore, une Qu\u00e9b\u00e9coise d\u2019un certain \u00e2ge, venue participer \u00e0 une rencontre internationale, conna\u00eetra une prise de conscience inattendue de la condition des gens dans ce pays. Pour <em>Le Collier\u2026<\/em>, H\u00e9l\u00e8ne dialogue avec un chauffeur de taxi libanais, \u00e0 la recherche pu\u00e9rile de son collier perdu dans les ruines de Beyrouth&nbsp;; dans <em>Nassara<\/em>, Marie-Odile Desnoyers, venue \u00e0 Ouagadougou (Burkina Faso) prendre part au colloque \u00ab&nbsp;Les lendemains qui poussent&nbsp;\u00bb sur l\u2019agriculture urbaine, \u00e0 titre de d\u00e9l\u00e9gu\u00e9e de l\u2019association Terre \u00e0 terre qu\u2019elle a fond\u00e9e, se trouve finalement en pr\u00e9sence d\u2019un terroriste braquant sa mitraillette sur l\u2019assembl\u00e9e.<\/p>\n\n\n\n<div class=\"wp-block-image\"><figure class=\"aligncenter size-full\"><img data-recalc-dims=\"1\" loading=\"lazy\" decoding=\"async\" width=\"800\" height=\"533\" src=\"https:\/\/i0.wp.com\/www.critical-stages.org\/24\/wp-content\/uploads\/sites\/25\/2021\/12\/PER-Nassara-1.jpeg?resize=800%2C533&#038;ssl=1\" alt=\"\" class=\"wp-image-659\" srcset=\"https:\/\/i0.wp.com\/www.critical-stages.org\/24\/wp-content\/uploads\/sites\/25\/2021\/12\/PER-Nassara-1.jpeg?w=800&amp;ssl=1 800w, https:\/\/i0.wp.com\/www.critical-stages.org\/24\/wp-content\/uploads\/sites\/25\/2021\/12\/PER-Nassara-1.jpeg?resize=300%2C200&amp;ssl=1 300w, https:\/\/i0.wp.com\/www.critical-stages.org\/24\/wp-content\/uploads\/sites\/25\/2021\/12\/PER-Nassara-1.jpeg?resize=768%2C512&amp;ssl=1 768w\" sizes=\"auto, (max-width: 800px) 100vw, 800px\" \/><figcaption>Anne-Marie Fortin en Marie-Odile, dans les habits qu\u2019elle trouve trop uniformes et insipides. Photo : Val\u00e9rie Remise<\/figcaption><\/figure><\/div>\n\n\n\n<p>Ce qui frappe d\u2019abord, c\u2019est le m\u00e9lange d\u2019introspection de la protagoniste, plong\u00e9e dans un pays diff\u00e9rent du sien et d\u00e9paysant, et du discours politique qui la pousse \u00e0 s\u2019interroger sur la vie r\u00e9elle de ses h\u00f4tes. D\u2019embl\u00e9e, Marie-Odile est tr\u00e8s affect\u00e9e par la chaleur. Elle se sent d\u00e9sadapt\u00e9e par rapport au pays qui l\u2019accueille, d\u2019abord parce qu\u2019elle se distingue des autres femmes autour d\u2019elle, avec sa robe d\u2019un blanc fade, alors qu\u2019elles arborent des couleurs joyeuses. En revivant le d\u00e9roulement de la rencontre \u00e0 laquelle elle a \u00e9t\u00e9 convi\u00e9e, son personnage joue les r\u00f4les de tous les participants au colloque. En m\u00eame temps, elle se replonge dans son pass\u00e9, son enfance, les p\u00e9rip\u00e9ties de sa vie personnelle, faisant \u00e9merger des douleurs enfouies. Soutenue en cela par les commentaires de l\u2019autre personnage, la Narratrice, qui l\u2019accompagne avec douceur, elle \u00e9voque son fils Baptiste, parti en Asie et disparu de sa vie depuis 8 ans, et surtout sa s\u0153ur, dont on apprend qu\u2019elle \u00e9tait d\u00e9j\u00e0 venue en Afrique, et dont elle n\u2019avait plus eu de nouvelles pendant longtemps, avant son d\u00e9c\u00e8s. Or, c\u2019est justement dans ce pays \u00e9tranger, le Burkina Faso, que sa s\u0153ur se sentait le mieux, au point d\u2019avoir voulu que l\u2019on r\u00e9pande ses cendres l\u00e0. Finalement, on comprend que <em>Nassara<\/em> signifie l\u2019espoir, celui d\u2019une r\u00e9demption, d\u2019une paix retrouv\u00e9e gr\u00e2ce \u00e0 la bonne humeur des enfants de ce pays.<\/p>\n\n\n\n<div class=\"wp-block-image\"><figure class=\"aligncenter size-full\"><img data-recalc-dims=\"1\" loading=\"lazy\" decoding=\"async\" width=\"800\" height=\"533\" src=\"https:\/\/i0.wp.com\/www.critical-stages.org\/24\/wp-content\/uploads\/sites\/25\/2021\/12\/PER-Nassara-2.jpeg?resize=800%2C533&#038;ssl=1\" alt=\"\" class=\"wp-image-660\" srcset=\"https:\/\/i0.wp.com\/www.critical-stages.org\/24\/wp-content\/uploads\/sites\/25\/2021\/12\/PER-Nassara-2.jpeg?w=800&amp;ssl=1 800w, https:\/\/i0.wp.com\/www.critical-stages.org\/24\/wp-content\/uploads\/sites\/25\/2021\/12\/PER-Nassara-2.jpeg?resize=300%2C200&amp;ssl=1 300w, https:\/\/i0.wp.com\/www.critical-stages.org\/24\/wp-content\/uploads\/sites\/25\/2021\/12\/PER-Nassara-2.jpeg?resize=768%2C512&amp;ssl=1 768w\" sizes=\"auto, (max-width: 800px) 100vw, 800px\" \/><figcaption>Stephie Mazunya en Narratrice. Photo : Val\u00e9rie Remise<\/figcaption><\/figure><\/div>\n\n\n\n<p>Marie-Odile cherchait donc le lieu idoine o\u00f9 r\u00e9aliser le v\u0153u ultime de sa s\u0153ur&nbsp;: voil\u00e0 ce qui explique avant tout sa venue dans ce pays et son acceptation de l\u2019invitation qui l\u2019a men\u00e9e l\u00e0. C\u2019est d\u00e9cid\u00e9&nbsp;: elle exaucera le v\u0153u de sa s\u0153ur au caf\u00e9 Bienvenue \u00ab&nbsp;Chez Welcome&nbsp;\u00bb de Ouagadougou. Mais toutes ces informations nous parviennent \u00e9maill\u00e9es de r\u00e9flexions sur le d\u00e9roulement du colloque. Le Fran\u00e7ais, le Belge, les participants de diff\u00e9rentes nationalit\u00e9s, aux propos parfois d\u00e9phas\u00e9s, comiques, voire ridicules, trahissant une culture \u00e0 cent lieues de celle de leurs h\u00f4tes, tous, y compris Marie-Odile qui essaiera de livrer son expos\u00e9 malgr\u00e9 la perte de ses notes, seront brutalement confront\u00e9s \u00e0 la fureur d\u2019Ali, le terroriste, qui \u00e9voque les milliers d\u2019Africains partis ou en route vers la Lybie, puis la M\u00e9diterran\u00e9e, dans l\u2019espoir d\u2019atteindre une Europe mythique et fantasm\u00e9e. Lorsqu\u2019il enl\u00e8ve sa cagoule noire, appara\u00eet un enfant de 17 ou 18 ans, la t\u00eate remplie d\u2019id\u00e9aux contre lesquels aucune discussion n\u2019est possible. Confisquant les t\u00e9l\u00e9phones de tous les personnages, il ridiculise leurs pr\u00e9occupations si futiles, compar\u00e9es \u00e0 la violence qu\u2019il porte en lui.<\/p>\n\n\n\n<div class=\"wp-block-image\"><figure class=\"aligncenter size-full\"><img data-recalc-dims=\"1\" loading=\"lazy\" decoding=\"async\" width=\"400\" height=\"600\" src=\"https:\/\/i0.wp.com\/www.critical-stages.org\/24\/wp-content\/uploads\/sites\/25\/2021\/12\/PER-Nassara-Cadieux-400.jpeg?resize=400%2C600&#038;ssl=1\" alt=\"\" class=\"wp-image-664\" srcset=\"https:\/\/i0.wp.com\/www.critical-stages.org\/24\/wp-content\/uploads\/sites\/25\/2021\/12\/PER-Nassara-Cadieux-400.jpeg?w=400&amp;ssl=1 400w, https:\/\/i0.wp.com\/www.critical-stages.org\/24\/wp-content\/uploads\/sites\/25\/2021\/12\/PER-Nassara-Cadieux-400.jpeg?resize=200%2C300&amp;ssl=1 200w\" sizes=\"auto, (max-width: 400px) 100vw, 400px\" \/><figcaption>Sophie Cadieux, la metteuse en sc\u00e8ne. Photo&nbsp;: &nbsp;Maxime G. Delisle<\/figcaption><\/figure><\/div>\n\n\n\n<p>Marie-Th\u00e9r\u00e8se Fortin, habilement dirig\u00e9e par Sophie Cadieux, a un jeu d\u2019une grande diversit\u00e9, tout en nuances, passant avec adresse d\u2019un niveau \u00e0 l\u2019autre, de sa vie intime \u00e0 la r\u00e9alit\u00e9 contraignante et terre \u00e0 terre du colloque. \u00c0 un moment, elle ne sait plus si elle a vraiment dit ce qu\u2019elle dit ou si elle l\u2019a seulement imagin\u00e9. Stephie Mazunya, de son c\u00f4t\u00e9, est son t\u00e9moin compr\u00e9hensif, la femme du pays qui d\u00e9couvre et explique son parcours avec douceur. La pi\u00e8ce se d\u00e9roule dans un espace rond, des marches concentriques en cercle menant vers le bas, avec une issue sous le public. Un ventilateur de plafond ponctue la lumi\u00e8re d\u2019ombres passantes. Ce d\u00e9cor neutre laisse aux interpr\u00e8tes le soin d\u2019\u00e9voquer la chaleur africaine, la torpeur des gens autant que les cris joyeux des enfants. Ils y arrivent avec brio.<\/p>\n\n\n\n<div class=\"wp-block-image\"><figure class=\"aligncenter size-full\"><img data-recalc-dims=\"1\" loading=\"lazy\" decoding=\"async\" width=\"800\" height=\"533\" src=\"https:\/\/i0.wp.com\/www.critical-stages.org\/24\/wp-content\/uploads\/sites\/25\/2021\/12\/PER-Nassara-3.jpeg?resize=800%2C533&#038;ssl=1\" alt=\"\" class=\"wp-image-661\" srcset=\"https:\/\/i0.wp.com\/www.critical-stages.org\/24\/wp-content\/uploads\/sites\/25\/2021\/12\/PER-Nassara-3.jpeg?w=800&amp;ssl=1 800w, https:\/\/i0.wp.com\/www.critical-stages.org\/24\/wp-content\/uploads\/sites\/25\/2021\/12\/PER-Nassara-3.jpeg?resize=300%2C200&amp;ssl=1 300w, https:\/\/i0.wp.com\/www.critical-stages.org\/24\/wp-content\/uploads\/sites\/25\/2021\/12\/PER-Nassara-3.jpeg?resize=768%2C512&amp;ssl=1 768w\" sizes=\"auto, (max-width: 800px) 100vw, 800px\" \/><figcaption>Sc\u00e9nographie sign\u00e9e Max-Otto Fauteux. Photo : Val\u00e9rie Remise<\/figcaption><\/figure><\/div>\n\n\n\n<p>Ma seule r\u00e9serve vient du fait que la pi\u00e8ce ne se termine pas&nbsp;! \u00c0 la fin de sa diatribe revendicatrice, Ali lance&nbsp;: \u00ab Je suis ici&nbsp;!&nbsp;\u00bb C\u2019est tout. Mais c\u2019est un peu court\u2026 Tous les personnages captifs demeurent en suspens, comme si l\u2019autrice \u00e9tait \u00e0 court d\u2019id\u00e9es.<\/p>\n\n\n\n<p>La pi\u00e8ce a fait l\u2019objet d\u2019ateliers de cr\u00e9ation avec la troupe burkinab\u00e8. Il est malheureux que l\u2019acteur interpr\u00e9tant le r\u00f4le masculin n\u2019ait pu se rendre au Canada pour la premi\u00e8re du spectacle. Souhaitons que la distribution puisse \u00eatre compl\u00e8te lors de reprises \u00e0 Ouagadougou, comme ailleurs dans le monde.<a name=\"end\">&nbsp;<\/a><\/p>\n\n\n\n<hr class=\"wp-block-separator is-style-wide\"\/>\n\n\n\n<figure class=\"wp-block-image size-thumbnail alignnone\"><img data-recalc-dims=\"1\" loading=\"lazy\" decoding=\"async\" width=\"150\" height=\"150\" src=\"https:\/\/i0.wp.com\/www.critical-stages.org\/24\/wp-content\/uploads\/sites\/25\/2021\/12\/vais.jpg?resize=150%2C150&#038;ssl=1\" alt=\"\" class=\"wp-image-666\"\/><\/figure>\n\n\n\n<p><a name=\"end\" href=\"#back\">*<\/a><strong>Michel Va\u00efs<\/strong>, r\u00e9dacteur \u00e9m\u00e9rite \u00e0 la revue <em>Jeu,<\/em> secr\u00e9taire g\u00e9n\u00e9ral de l\u2019AICT (1998-), il a \u00e9tudi\u00e9 aux universit\u00e9s de Montr\u00e9al, McGill, puis a obtenu un doctorat d\u2019\u00e9tudes th\u00e9\u00e2trales \u00e0 l\u2019Universit\u00e9 de Paris 8, avant d\u2019effectuer de nombreuses missions \u00e0 l\u2019\u00e9tranger. Auteur de <em>L\u2019\u00c9crivain sc\u00e9nique<\/em> (Presses de l\u2019Universit\u00e9 du Qu\u00e9bec, 1978, prix R\u00e9v\u00e9lation de l\u2019Acad\u00e9mie Nicola Sabbatini), m\u00e9daill\u00e9 d\u2019or du Rayonnement culturel (Renaissance fran\u00e7aise) pour son activit\u00e9 de critique journalistique et \u00e0 la radio, il a publi\u00e9 <em>L\u2019accompagnateur. Parcours d\u2019un critique de th\u00e9\u00e2tre<\/em>, le <em>Dictionnaire des artistes du th\u00e9\u00e2tre qu\u00e9b\u00e9cois<\/em>, et traduit <em>John Florio alias Shakespeare<\/em> de Lamberto Tassinari.<\/p>\n\n\n\n<p class=\"has-text-align-center has-small-font-size\">Copyright <strong>\u00a9<\/strong> 2021 Michel Va\u00efs<br><em>Critical Stages\/Sc\u00e8nes critiques<\/em> e-ISSN: 2409-7411<\/p>\n\n\n\n<div class=\"wp-block-image\"><figure class=\"aligncenter\"><a href=\"https:\/\/creativecommons.org\/licenses\/by-nc-nd\/4.0\/\" target=\"_blank\" rel=\"noreferrer noopener\"><img data-recalc-dims=\"1\" decoding=\"async\" src=\"https:\/\/i0.wp.com\/www.critical-stages.org\/wp-content\/uploads\/2021\/03\/88x31.png?w=800&#038;ssl=1\" alt=\"Creative Commons Attribution International License\"\/><\/a><\/figure><\/div>\n\n\n\n<p class=\"has-text-align-center has-small-font-size\">This work is licensed under the<br>Creative Commons Attribution International License CC BY-NC-ND 4.0.<\/p>\n","protected":false},"excerpt":{"rendered":"","protected":false},"author":1,"featured_media":661,"comment_status":"closed","ping_status":"open","sticky":false,"template":"","format":"standard","meta":{"_jetpack_memberships_contains_paid_content":false,"footnotes":""},"categories":[6],"tags":[],"class_list":["post-658","post","type-post","status-publish","format-standard","has-post-thumbnail","hentry","category-performance-reviews"],"jetpack_featured_media_url":"https:\/\/i0.wp.com\/www.critical-stages.org\/24\/wp-content\/uploads\/sites\/25\/2021\/12\/PER-Nassara-3.jpeg?fit=800%2C533&ssl=1","jetpack_sharing_enabled":true,"jetpack-related-posts":[{"id":172,"url":"https:\/\/www.critical-stages.org\/24\/ion-caramitru-un-acteur-plus-quacteur\/","url_meta":{"origin":658,"position":0},"title":"Ion Caramitru, un acteur plus qu\u2019acteur","author":"Michel Va\u00efs","date":"October 26, 2021","format":false,"excerpt":"Georges Banu* Ion Caramitru a disparu violemment au d\u00e9but de l\u2019automne et cela fut ressenti comme un s\u00e9isme pour la vie th\u00e9\u00e2trale roumaine. Caramitru repr\u00e9sente cette figure rare d\u2019un \u00ab\u00a0acteur plus qu\u2019acteur\u00a0\u00bb car s\u2019il a brill\u00e9 dans de r\u00f4les titres devenus historiques il s\u2019est impliqu\u00e9 et a agi sur le\u2026","rel":"","context":"In &quot;In Memoriam&quot;","block_context":{"text":"In Memoriam","link":"https:\/\/www.critical-stages.org\/24\/category\/in-memoriam\/"},"img":{"alt_text":"","src":"https:\/\/i0.wp.com\/www.critical-stages.org\/24\/wp-content\/uploads\/sites\/25\/2021\/10\/Caramitru-in-Hamlet.jpg?fit=800%2C582&ssl=1&resize=350%2C200","width":350,"height":200,"srcset":"https:\/\/i0.wp.com\/www.critical-stages.org\/24\/wp-content\/uploads\/sites\/25\/2021\/10\/Caramitru-in-Hamlet.jpg?fit=800%2C582&ssl=1&resize=350%2C200 1x, https:\/\/i0.wp.com\/www.critical-stages.org\/24\/wp-content\/uploads\/sites\/25\/2021\/10\/Caramitru-in-Hamlet.jpg?fit=800%2C582&ssl=1&resize=525%2C300 1.5x, https:\/\/i0.wp.com\/www.critical-stages.org\/24\/wp-content\/uploads\/sites\/25\/2021\/10\/Caramitru-in-Hamlet.jpg?fit=800%2C582&ssl=1&resize=700%2C400 2x"},"classes":[]},{"id":360,"url":"https:\/\/www.critical-stages.org\/24\/migrating-shakespeare-first-european-encounters-routes-and-networks\/","url_meta":{"origin":658,"position":1},"title":"Migrating Shakespeare: First European Encounters, Routes and Networks","author":"Michel Va\u00efs","date":"November 27, 2021","format":false,"excerpt":"Edited by Janet Clare and Dominique Goy-Blanquet\u00a0293p.+ xiv.\u00a0 Bloomsbury (The Arden Shakespeare Series) Reviewed by Philippe Rouyer*(Ed. Note: Published in English. Reviewed in French) Ce livre est publi\u00e9 en anglais\u00a0; il n\u2019y a pas pour l\u2019instant de traduction pr\u00e9vue. Il rassemble onze articles et une introduction de 27 pages par\u2026","rel":"","context":"In &quot;Book Reviews&quot;","block_context":{"text":"Book Reviews","link":"https:\/\/www.critical-stages.org\/24\/category\/book-reviews\/"},"img":{"alt_text":"","src":"https:\/\/i0.wp.com\/www.critical-stages.org\/24\/wp-content\/uploads\/sites\/25\/2021\/11\/Rouyer-150x150-1.jpg?resize=350%2C200&ssl=1","width":350,"height":200},"classes":[]},{"id":635,"url":"https:\/\/www.critical-stages.org\/24\/au-coeur-de-la-ville-avec-rimini-protocoll\/","url_meta":{"origin":658,"position":2},"title":"Au c\u0153ur de la ville avec Rimini Protocoll","author":"Michel Va\u00efs","date":"December 18, 2021","format":false,"excerpt":"Zo\u00e9 Ververopoulou* Rimini Protocoll, Remote Thessaloniki. Conception\/Sc\u00e9nario\/Mise en sc\u00e8ne\u00a0: Stefan Kaegi. Recherche\/sc\u00e9nario\/mise en sc\u00e8ne \u00e0 Thessalonique\u00a0: J\u00f6rg Karrenbauer. Assistant \u00e0 la mise en sc\u00e8ne \u00e0 Thessalonique\u00a0: Sotiris Roumeliotis. Thessalonique, Gr\u00e8ce, septembre 2021. Notre rendez-vous est \u00e0 18 h dans le vieux cimeti\u00e8re d\u2019Evangelistria. Situ\u00e9 au c\u0153ur de la ville, il\u2026","rel":"","context":"In &quot;Performance Reviews&quot;","block_context":{"text":"Performance Reviews","link":"https:\/\/www.critical-stages.org\/24\/category\/performance-reviews\/"},"img":{"alt_text":"","src":"https:\/\/i0.wp.com\/www.critical-stages.org\/24\/wp-content\/uploads\/sites\/25\/2021\/12\/PER-RiminiProto-2.jpg?fit=800%2C533&ssl=1&resize=350%2C200","width":350,"height":200,"srcset":"https:\/\/i0.wp.com\/www.critical-stages.org\/24\/wp-content\/uploads\/sites\/25\/2021\/12\/PER-RiminiProto-2.jpg?fit=800%2C533&ssl=1&resize=350%2C200 1x, https:\/\/i0.wp.com\/www.critical-stages.org\/24\/wp-content\/uploads\/sites\/25\/2021\/12\/PER-RiminiProto-2.jpg?fit=800%2C533&ssl=1&resize=525%2C300 1.5x, https:\/\/i0.wp.com\/www.critical-stages.org\/24\/wp-content\/uploads\/sites\/25\/2021\/12\/PER-RiminiProto-2.jpg?fit=800%2C533&ssl=1&resize=700%2C400 2x"},"classes":[]},{"id":474,"url":"https:\/\/www.critical-stages.org\/24\/embodying-the-extra-corporeal-releasing-the-voice-from-bodily-limitations-using-mediated-voice-in-singing-training\/","url_meta":{"origin":658,"position":3},"title":"Embodying the Extra-Corporeal: Releasing the Voice from Bodily Limitations Using Mediated Voice in Singing Training","author":"Michel Va\u00efs","date":"December 16, 2021","format":false,"excerpt":"Shannon Holmes* Abstract Despite the advances in contemporary performer training, which resist a paradigm rooted in Cartesian dualism, an impediment that is evident in the way in which classical singing technique is widely taught remains in the thinking of voice as extra-corporeal. This project centres on uncovering the liminal spaces\u2026","rel":"","context":"In &quot;Special Topic&quot;","block_context":{"text":"Special Topic","link":"https:\/\/www.critical-stages.org\/24\/category\/special-topic\/"},"img":{"alt_text":"","src":"https:\/\/i0.wp.com\/www.critical-stages.org\/24\/wp-content\/uploads\/sites\/25\/2021\/12\/featured-2.jpg?fit=800%2C533&ssl=1&resize=350%2C200","width":350,"height":200,"srcset":"https:\/\/i0.wp.com\/www.critical-stages.org\/24\/wp-content\/uploads\/sites\/25\/2021\/12\/featured-2.jpg?fit=800%2C533&ssl=1&resize=350%2C200 1x, https:\/\/i0.wp.com\/www.critical-stages.org\/24\/wp-content\/uploads\/sites\/25\/2021\/12\/featured-2.jpg?fit=800%2C533&ssl=1&resize=525%2C300 1.5x, https:\/\/i0.wp.com\/www.critical-stages.org\/24\/wp-content\/uploads\/sites\/25\/2021\/12\/featured-2.jpg?fit=800%2C533&ssl=1&resize=700%2C400 2x"},"classes":[]},{"id":326,"url":"https:\/\/www.critical-stages.org\/24\/you-and-me-where-and-how-do-we-meet\/","url_meta":{"origin":658,"position":4},"title":"YOU and ME\u2014Where and How Do We Meet","author":"Michel Va\u00efs","date":"December 15, 2021","format":false,"excerpt":"Electa Behrens* and \u00d8ystein Elle** Abstract YOU and ME\u2014Where and How Do We Meet is a 40 minute film presenting our research focused on the intersectional materiality of the voice and the potentialities of aural diversity and audience agency.\u00a0Within the larger framework of new materialism, aurality studies and critical race\u2026","rel":"","context":"In &quot;Special Topic&quot;","block_context":{"text":"Special Topic","link":"https:\/\/www.critical-stages.org\/24\/category\/special-topic\/"},"img":{"alt_text":"","src":"https:\/\/i0.wp.com\/www.critical-stages.org\/24\/wp-content\/uploads\/sites\/25\/2021\/12\/Cover-image-You-and-Me-C.S..jpg?fit=800%2C533&ssl=1&resize=350%2C200","width":350,"height":200,"srcset":"https:\/\/i0.wp.com\/www.critical-stages.org\/24\/wp-content\/uploads\/sites\/25\/2021\/12\/Cover-image-You-and-Me-C.S..jpg?fit=800%2C533&ssl=1&resize=350%2C200 1x, https:\/\/i0.wp.com\/www.critical-stages.org\/24\/wp-content\/uploads\/sites\/25\/2021\/12\/Cover-image-You-and-Me-C.S..jpg?fit=800%2C533&ssl=1&resize=525%2C300 1.5x, https:\/\/i0.wp.com\/www.critical-stages.org\/24\/wp-content\/uploads\/sites\/25\/2021\/12\/Cover-image-You-and-Me-C.S..jpg?fit=800%2C533&ssl=1&resize=700%2C400 2x"},"classes":[]},{"id":198,"url":"https:\/\/www.critical-stages.org\/24\/heterarchical-dramaturgies\/","url_meta":{"origin":658,"position":5},"title":"Heterarchical Dramaturgies","author":"Michel Va\u00efs","date":"October 31, 2021","format":false,"excerpt":"Katalin Trencs\u00e9nyi* Abstract This essay, following Chantal Bilodeau\u2019s call for new dramatic theories, investigates the patterns with which we are thinking about the world when (re)presenting it on the stage. If the Aristotelian form can be interpreted as hierarchical, conflict-led and expressing patriarchal values, what are those heterarchical dramaturgies in\u2026","rel":"","context":"In &quot;Essays&quot;","block_context":{"text":"Essays","link":"https:\/\/www.critical-stages.org\/24\/category\/essays\/"},"img":{"alt_text":"","src":"https:\/\/i0.wp.com\/www.critical-stages.org\/24\/wp-content\/uploads\/sites\/25\/2021\/10\/featured-1.jpg?fit=800%2C533&ssl=1&resize=350%2C200","width":350,"height":200,"srcset":"https:\/\/i0.wp.com\/www.critical-stages.org\/24\/wp-content\/uploads\/sites\/25\/2021\/10\/featured-1.jpg?fit=800%2C533&ssl=1&resize=350%2C200 1x, https:\/\/i0.wp.com\/www.critical-stages.org\/24\/wp-content\/uploads\/sites\/25\/2021\/10\/featured-1.jpg?fit=800%2C533&ssl=1&resize=525%2C300 1.5x, https:\/\/i0.wp.com\/www.critical-stages.org\/24\/wp-content\/uploads\/sites\/25\/2021\/10\/featured-1.jpg?fit=800%2C533&ssl=1&resize=700%2C400 2x"},"classes":[]}],"_links":{"self":[{"href":"https:\/\/www.critical-stages.org\/24\/wp-json\/wp\/v2\/posts\/658","targetHints":{"allow":["GET"]}}],"collection":[{"href":"https:\/\/www.critical-stages.org\/24\/wp-json\/wp\/v2\/posts"}],"about":[{"href":"https:\/\/www.critical-stages.org\/24\/wp-json\/wp\/v2\/types\/post"}],"author":[{"embeddable":true,"href":"https:\/\/www.critical-stages.org\/24\/wp-json\/wp\/v2\/users\/1"}],"replies":[{"embeddable":true,"href":"https:\/\/www.critical-stages.org\/24\/wp-json\/wp\/v2\/comments?post=658"}],"version-history":[{"count":2,"href":"https:\/\/www.critical-stages.org\/24\/wp-json\/wp\/v2\/posts\/658\/revisions"}],"predecessor-version":[{"id":689,"href":"https:\/\/www.critical-stages.org\/24\/wp-json\/wp\/v2\/posts\/658\/revisions\/689"}],"wp:featuredmedia":[{"embeddable":true,"href":"https:\/\/www.critical-stages.org\/24\/wp-json\/wp\/v2\/media\/661"}],"wp:attachment":[{"href":"https:\/\/www.critical-stages.org\/24\/wp-json\/wp\/v2\/media?parent=658"}],"wp:term":[{"taxonomy":"category","embeddable":true,"href":"https:\/\/www.critical-stages.org\/24\/wp-json\/wp\/v2\/categories?post=658"},{"taxonomy":"post_tag","embeddable":true,"href":"https:\/\/www.critical-stages.org\/24\/wp-json\/wp\/v2\/tags?post=658"}],"curies":[{"name":"wp","href":"https:\/\/api.w.org\/{rel}","templated":true}]}}