{"id":230,"date":"2021-05-05T18:20:06","date_gmt":"2021-05-05T18:20:06","guid":{"rendered":"https:\/\/www.critical-stages.org\/23\/?p=230"},"modified":"2023-03-15T11:24:15","modified_gmt":"2023-03-15T11:24:15","slug":"une-denonciation-astucieuse-de-lislam-radical","status":"publish","type":"post","link":"https:\/\/www.critical-stages.org\/23\/une-denonciation-astucieuse-de-lislam-radical\/","title":{"rendered":"Une d\u00e9nonciation astucieuse de l\u2019islam radical"},"content":{"rendered":"\n<p><strong>Selim Lander<\/strong><a href=\"#end\" name=\"back\">*<\/a><\/p>\n\n\n\n<p class=\"has-background\" style=\"background-color:#c69a9f\"><strong><em>J\u2019ai rencontr\u00e9 Dieu sur Facebook<\/em>. Texte et mise en sc\u00e8ne Ahmed Madani. Cr\u00e9ation sonore Christophe S\u00e9chet. Lumi\u00e8re Damien Klein. Costumes Pascale Barr\u00e9. Avec Mounira Barbouch (la m\u00e8re), Louise Legendre (Nina), Valentin Madani (Amar).<\/strong><\/p>\n\n\n\n<p>En ce mois de janvier 2021, la Martinique, petit territoire fran\u00e7ais d\u2019outre-mer, \u00e9tait l\u2019un des rares endroits au monde o\u00f9 l\u2019on pouvait aller au th\u00e9\u00e2tre (masqu\u00e9 et en gardant ses distances). On a pu y voir une pi\u00e8ce dont nul ne d\u00e9mentira l\u2019actualit\u00e9.<\/p>\n\n\n\n<p>La radicalisation des jeunes filles dragu\u00e9es sur Internet a d\u00e9j\u00e0 fait l\u2019objet d\u2019un film remarqu\u00e9 en son temps, <em>Le Ciel attendra<\/em>, de Marie-Castille Mention-Schaar (2015). Il montrait comment deux jeunes lyc\u00e9ennes de \u00ab&nbsp;bonnes familles&nbsp;\u00bb, ou en tout cas de familles \u00ab&nbsp;normales&nbsp;\u00bb, \u00e9taient s\u00e9duites par des jeunes hommes qui leur faisaient miroiter le paradis d\u2019Allah. Ahmed Madani imagine l\u2019histoire d\u2019une adolescente, Nina (Louise Legendre), \u00e9lev\u00e9e par sa m\u00e8re (Mounira Barbouch) d\u2019origine alg\u00e9rienne, professeure de coll\u00e8ge dans une ville de la banlieue parisienne. Les rapports entre elles sont chaleureux, complices, jusqu\u2019au moment o\u00f9 Nina se tourne vers une pratique rigoureuse de l\u2019islam. Rien d\u2019original, donc, \u00e0 lire ce r\u00e9sum\u00e9. Seul suspense&nbsp;: Nina ira-t-elle au bout de sa d\u00e9marche, embarquera-t-elle vraiment pour la Syrie, ou faudra-t-il que \u00ab&nbsp;le Ciel attende&nbsp;\u00bb encore un peu, comme dans le film&nbsp;?<\/p>\n\n\n<div class=\"wp-block-image\">\n<figure class=\"aligncenter size-large\"><img loading=\"lazy\" decoding=\"async\" width=\"800\" height=\"414\" src=\"https:\/\/www.critical-stages.org\/23\/wp-content\/uploads\/sites\/24\/2021\/05\/PER-Madani-Complicit\u03c3-photo-2.jpg\" alt=\"\" class=\"wp-image-232\" srcset=\"https:\/\/www.critical-stages.org\/23\/wp-content\/uploads\/sites\/24\/2021\/05\/PER-Madani-Complicit\u03c3-photo-2.jpg 800w, https:\/\/www.critical-stages.org\/23\/wp-content\/uploads\/sites\/24\/2021\/05\/PER-Madani-Complicit\u03c3-photo-2-300x155.jpg 300w, https:\/\/www.critical-stages.org\/23\/wp-content\/uploads\/sites\/24\/2021\/05\/PER-Madani-Complicit\u03c3-photo-2-768x397.jpg 768w\" sizes=\"auto, (max-width: 800px) 100vw, 800px\" \/><figcaption class=\"wp-element-caption\">Complicit\u00e9&nbsp;: la m\u00e8re (Mounira Barbouch) et Nina (Louise Legendre)<\/figcaption><\/figure>\n<\/div>\n\n\n<p>Mais Madani a plus d\u2019un tour dans son sac. Les th\u00e9\u00e2treux se souviennent sans doute de sa pi\u00e8ce <em>F(l)ammes<\/em> (2016), montr\u00e9e comme <em>J\u2019ai rencontr\u00e9 Dieu\u2026 <\/em>en Avignon.<a href=\"#end1\" name=\"back1\"><sup>[1]<\/sup><\/a> Une pi\u00e8ce&nbsp;? Pas une vraie pi\u00e8ce, une simple suite de t\u00e9moignages&nbsp;: dix jeunes femmes de toutes origines et de toutes conditions se racontaient, racontaient aussi d\u2019autres histoires et l\u2019on sortait revigor\u00e9 de ce spectacle tr\u00e8s politique, fort bien construit, qui remettait en cause bien des id\u00e9es re\u00e7ues.<\/p>\n\n\n\n<p><em>J\u2019ai rencontr\u00e9 Dieu\u2026<\/em> est \u00e9galement astucieusement construite. C\u2019est m\u00eame un mod\u00e8le \u00e0 faire m\u00e9diter par les apprentis auteurs. La pi\u00e8ce se concentre d\u2019abord sur le couple m\u00e8re-fille. La maman vient de faire un bref voyage en Alg\u00e9rie pour enterrer sa m\u00e8re. C\u2019est l\u2019occasion de nous enseigner avec ce qu\u2019il faut de distance et d\u2019humour le fonctionnement d\u2019une soci\u00e9t\u00e9 encore gouvern\u00e9e par les traditions ancestrales. En m\u00eame temps, certains signes nous indiquent que Nina ne dit pas tout \u00e0 sa maman et le livre qu\u2019elle prend soin de dissimuler a toutes les apparences d\u2019un Coran.<\/p>\n\n\n<div class=\"wp-block-image\">\n<figure class=\"aligncenter size-large\"><img loading=\"lazy\" decoding=\"async\" width=\"400\" height=\"710\" src=\"https:\/\/www.critical-stages.org\/23\/wp-content\/uploads\/sites\/24\/2021\/05\/PER-Madani-photo-Radicalis\u03c3e.jpg\" alt=\"\" class=\"wp-image-234\" srcset=\"https:\/\/www.critical-stages.org\/23\/wp-content\/uploads\/sites\/24\/2021\/05\/PER-Madani-photo-Radicalis\u03c3e.jpg 400w, https:\/\/www.critical-stages.org\/23\/wp-content\/uploads\/sites\/24\/2021\/05\/PER-Madani-photo-Radicalis\u03c3e-169x300.jpg 169w\" sizes=\"auto, (max-width: 400px) 100vw, 400px\" \/><figcaption class=\"wp-element-caption\">Radicalis\u00e9e&nbsp;: Nina (Louise Legendre)<\/figcaption><\/figure>\n<\/div>\n\n\n<p>On peut montrer beaucoup avec peu. Comme d\u00e9cor, un grand mur blanc en fond de sc\u00e8ne. Deux accessoires, une table munie d\u2019un tiroir ouvrant du c\u00f4t\u00e9 oppos\u00e9 au public, d\u2019o\u00f9 sortiront, quand ce sera n\u00e9cessaire, le livre d\u00e9j\u00e0 signal\u00e9, des copies que la maman doit corriger, un cahier de notes. Les autres accessoires demeureront imaginaires&nbsp;: ainsi est-il tout \u00e0 fait possible de convaincre les spectateurs qu\u2019un g\u00e2teau est confectionn\u00e9 avec quelques gestes et un bruitage appropri\u00e9.<\/p>\n\n\n\n<p>Amar (Valentin Madani), le s\u00e9ducteur (dont le visage en tr\u00e8s gros plan est projet\u00e9 sur l\u2019\u00e9cran au fond de la sc\u00e8ne), tient la vedette dans la deuxi\u00e8me partie de la pi\u00e8ce. Ses \u00e9changes avec Nina, la t\u00eate plong\u00e9e dans son ordinateur, pourraient \u00eatre effrayants puisque l\u2019enjeu est bien d\u2019attirer une innocente jeune fille dans les filets de l\u2019islam le plus violent. Cependant un je-ne-sais-quoi dans l\u2019attitude du djihadiste, son bagout, rendent ces sc\u00e8nes plus l\u00e9g\u00e8res que ce qu\u2019elles sont cens\u00e9es signifier. Le spectateur l\u2019ignore, mais l\u2019auteur est en train de la pr\u00e9parer au coup de th\u00e9\u00e2tre final o\u00f9 l\u2019on verra r\u00e9appara\u00eetre la m\u00e8re dans un r\u00f4le auquel on ne l\u2019attendait pas. La le\u00e7on de la pi\u00e8ce sera tir\u00e9e par Amar pr\u00e9sent en chair et en os sur le plateau, un Amar transform\u00e9, car redevenu celui qu\u2019il est r\u00e9ellement.<\/p>\n\n\n<div class=\"wp-block-image\">\n<figure class=\"aligncenter size-large\"><img loading=\"lazy\" decoding=\"async\" width=\"800\" height=\"429\" src=\"https:\/\/www.critical-stages.org\/23\/wp-content\/uploads\/sites\/24\/2021\/05\/PER-madani-photo-\u03c3cran.jpg\" alt=\"\" class=\"wp-image-233\" srcset=\"https:\/\/www.critical-stages.org\/23\/wp-content\/uploads\/sites\/24\/2021\/05\/PER-madani-photo-\u03c3cran.jpg 800w, https:\/\/www.critical-stages.org\/23\/wp-content\/uploads\/sites\/24\/2021\/05\/PER-madani-photo-\u03c3cran-300x161.jpg 300w, https:\/\/www.critical-stages.org\/23\/wp-content\/uploads\/sites\/24\/2021\/05\/PER-madani-photo-\u03c3cran-768x412.jpg 768w\" sizes=\"auto, (max-width: 800px) 100vw, 800px\" \/><figcaption class=\"wp-element-caption\">Par \u00e9crans interpos\u00e9s&nbsp;: Valentin Madani et Louise Legendre<\/figcaption><\/figure>\n<\/div>\n\n\n<p>Le charme de cette pi\u00e8ce tient aussi \u00e0 son c\u00f4t\u00e9 \u00ab&nbsp;vieux th\u00e9\u00e2tre&nbsp;\u00bb. Deux personnages sur le plateau (sauf tout \u00e0 fait \u00e0 la fin), des sc\u00e8nes qui s\u2019encha\u00eenent rapidement, aucun artifice, l\u2019usage de la vid\u00e9o \u00e9tant ici indispensable pour montrer le dialogue sur Internet entre Nina et Amar. Les com\u00e9diens ont le physique de leur r\u00f4le, y compris Louise Legendre, certes une jeune com\u00e9dienne (promotion 2019 du Conservatoire national sup\u00e9rieur d\u2019art dramatique de Paris), mais qui a vraiment ici l\u2019apparence d\u2019une adolescente. Si leur jeu a pu sembler manquer un peu parfois de naturel, on n\u2019oubliera pas que ces trois com\u00e9diens ont \u00e9t\u00e9 priv\u00e9s de tout contact avec le public depuis bient\u00f4t une ann\u00e9e et qu\u2019ils n\u2019\u00e9taient en Martinique que pour deux repr\u00e9sentations.<\/p>\n\n\n\n<p class=\"has-small-font-size\"><a name=\"end1\" href=\"#back1\"><sup>[1]<\/sup><\/a> Cf. mon article dans Madinin\u2019Art <a href=\"https:\/\/www.madinin-art.net\/flammes-il-ny-a-pas-de-gens-ordinaires\/\" target=\"_blank\" rel=\"noreferrer noopener\">critiques culturelles de Martinique<\/a> (20 f\u00e9vrier 2017)<a name=\"end\">&nbsp;<\/a><\/p>\n\n\n\n<hr class=\"wp-block-separator has-css-opacity is-style-wide\"\/>\n\n\n\n<figure class=\"wp-block-image size-thumbnail alignnone\"><img loading=\"lazy\" decoding=\"async\" width=\"150\" height=\"150\" src=\"https:\/\/www.critical-stages.org\/23\/wp-content\/uploads\/sites\/24\/2021\/05\/Selim-Lander-150x150.jpg\" alt=\"\" class=\"wp-image-235\"\/><\/figure>\n\n\n\n<p><a name=\"end\" href=\"#back\">*<\/a><strong>Selim Lander<\/strong> vit en Martinique (Antilles fran\u00e7aises). Ses critiques paraissent dans la revue \u00e9lectronique <a rel=\"noreferrer noopener\" href=\"https:\/\/mondesfrancophones.com\/\" target=\"_blank\">mondesfrancophones.com<\/a> et dans la revue <em>Esprit<\/em>.<\/p>\n\n\n\n<p class=\"has-text-align-center has-small-font-size\">Copyright <strong>\u00a9<\/strong> 2021 Selim Lander<br><em>Critical Stages\/Sc\u00e8nes critiques<\/em> e-ISSN: 2409-7411<\/p>\n\n\n<div class=\"wp-block-image\">\n<figure class=\"aligncenter\"><a href=\"https:\/\/creativecommons.org\/licenses\/by-nc-nd\/4.0\/\" target=\"_blank\" rel=\"noreferrer noopener\"><img decoding=\"async\" src=\"https:\/\/www.critical-stages.org\/wp-content\/uploads\/2021\/03\/88x31.png\" alt=\"Creative Commons Attribution International License\"\/><\/a><\/figure>\n<\/div>\n\n\n<p class=\"has-text-align-center has-small-font-size\">This work is licensed under the<br>Creative Commons Attribution International License CC BY-NC-ND 4.0.<\/p>\n","protected":false},"excerpt":{"rendered":"","protected":false},"author":1,"featured_media":231,"comment_status":"closed","ping_status":"open","sticky":false,"template":"","format":"standard","meta":{"_jetpack_memberships_contains_paid_content":false,"footnotes":""},"categories":[8],"tags":[],"class_list":["post-230","post","type-post","status-publish","format-standard","has-post-thumbnail","hentry","category-performance-reviews"],"jetpack_featured_media_url":"https:\/\/www.critical-stages.org\/23\/wp-content\/uploads\/sites\/24\/2021\/05\/featured-1.jpg","jetpack_sharing_enabled":true,"jetpack-related-posts":[{"id":194,"url":"https:\/\/www.critical-stages.org\/23\/le-metteur-en-scene-face-au-defi-de-lexil\/","url_meta":{"origin":230,"position":0},"title":"Le metteur en sc\u00e8ne face au d\u00e9fi de l\u2019exil","author":"Selim Lander","date":"April 11, 2021","format":false,"excerpt":"Georges Banu* R\u00e9sum\u00e9 L\u2019exil du metteur en sc\u00e8ne, impos\u00e9 ou volontaire, est le plus souvent effectu\u00e9 sous l\u2019impact d\u2019un pouvoir totalitaire. L\u2019exp\u00e9rience del\u2019exil distingue le metteur en sc\u00e8ne des artistes autres, individuels, car il se confronte \u00e0 des communaut\u00e9s d\u2019acteurs \u00e9trangers, \u00e0 des conditions de travail diff\u00e9rentes par rapport au\u2026","rel":"","context":"In &quot;Essays&quot;","block_context":{"text":"Essays","link":"https:\/\/www.critical-stages.org\/23\/category\/essays\/"},"img":{"alt_text":"","src":"https:\/\/i0.wp.com\/www.critical-stages.org\/23\/wp-content\/uploads\/sites\/24\/2021\/04\/featured3.jpg?resize=350%2C200&ssl=1","width":350,"height":200},"classes":[]},{"id":57,"url":"https:\/\/www.critical-stages.org\/23\/la-resilience-des-pratiques-de-theatralite-a-travers-les-ages-exemples-du-bassin-linguistique-arabe-et-du-maroc\/","url_meta":{"origin":230,"position":1},"title":"La r\u00e9silience des pratiques de th\u00e9\u00e2tralit\u00e9 \u00e0 travers les \u00e2ges : exemples du bassin linguistique arabe et du Maroc","author":"Selim Lander","date":"April 10, 2021","format":false,"excerpt":"Baker Saddiki* R\u00e9sum\u00e9 Cet essai, qui n\u2019a pas pr\u00e9tention \u00e0 l\u2019exhaustivit\u00e9, a essentiellement pour objet de poser des interrogations au sujet de la th\u00e9\u00e2tralit\u00e9 arabe, depuis ses origines populaires et patrimoniales attest\u00e9es jusqu\u2019\u00e0 nos jours ; questionnements qui apportent un certain \u00e9clairage face \u00e0 une notion qui subitement est devenue\u2026","rel":"","context":"In &quot;Essays&quot;","block_context":{"text":"Essays","link":"https:\/\/www.critical-stages.org\/23\/category\/essays\/"},"img":{"alt_text":"","src":"https:\/\/i0.wp.com\/www.critical-stages.org\/23\/wp-content\/uploads\/sites\/24\/2021\/04\/image6.jpg?resize=350%2C200&ssl=1","width":350,"height":200,"srcset":"https:\/\/i0.wp.com\/www.critical-stages.org\/23\/wp-content\/uploads\/sites\/24\/2021\/04\/image6.jpg?resize=350%2C200&ssl=1 1x, https:\/\/i0.wp.com\/www.critical-stages.org\/23\/wp-content\/uploads\/sites\/24\/2021\/04\/image6.jpg?resize=525%2C300&ssl=1 1.5x"},"classes":[]},{"id":288,"url":"https:\/\/www.critical-stages.org\/23\/lagarce-une-vie-de-theatre\/","url_meta":{"origin":230,"position":2},"title":"Lagarce, une vie de th\u00e9\u00e2tre","author":"Selim Lander","date":"May 5, 2021","format":false,"excerpt":"Jean-Pierre Thibaudat208 pp. Les Solitaires Intempestifs par Selim Lander* \u00ab\u00a0Montrer sur le th\u00e9\u00e2tre la force exacte qui nous saisit parfois, cela, exactement cela, les hommes et les femmes tels qu\u2019ils sont, la beaut\u00e9 et l\u2019horreur de leurs \u00e9changes et la m\u00e9lancolie aussit\u00f4t qui les prend lorsque cette beaut\u00e9 et cette\u2026","rel":"","context":"In &quot;Book Reviews&quot;","block_context":{"text":"Book Reviews","link":"https:\/\/www.critical-stages.org\/23\/category\/book-reviews\/"},"img":{"alt_text":"","src":"https:\/\/i0.wp.com\/www.critical-stages.org\/23\/wp-content\/uploads\/sites\/24\/2021\/05\/Photo-Selim-Lander-comp-238x300-1-150x150.jpg?resize=350%2C200&ssl=1","width":350,"height":200},"classes":[]},{"id":259,"url":"https:\/\/www.critical-stages.org\/23\/who-are-the-hypocrites-moliere-in-the-know\/","url_meta":{"origin":230,"position":3},"title":"Who Are the Hypocrites? Moli\u00e8re in the Know","author":"Selim Lander","date":"May 5, 2021","format":false,"excerpt":"Aikaterini Delikonstantinidou* The Cabal of Hypocrites or Moli\u00e8re, written by Mikhail Bulgakov. Produced by the National Theatre of Greece, Main Stage, 6 February 2021. Directed by Stathis Livathinos; translated by Leonidas Karantzas; set and costumes by Eleni Manilopoulou; music by Theodore Abazis; movement by Ageliki Stellatou; lighting by Alekos Anastasiou.\u2026","rel":"","context":"In &quot;Performance Reviews&quot;","block_context":{"text":"Performance Reviews","link":"https:\/\/www.critical-stages.org\/23\/category\/performance-reviews\/"},"img":{"alt_text":"","src":"https:\/\/i0.wp.com\/www.critical-stages.org\/23\/wp-content\/uploads\/sites\/24\/2021\/05\/Photo-3.jpg?resize=350%2C200&ssl=1","width":350,"height":200,"srcset":"https:\/\/i0.wp.com\/www.critical-stages.org\/23\/wp-content\/uploads\/sites\/24\/2021\/05\/Photo-3.jpg?resize=350%2C200&ssl=1 1x, https:\/\/i0.wp.com\/www.critical-stages.org\/23\/wp-content\/uploads\/sites\/24\/2021\/05\/Photo-3.jpg?resize=525%2C300&ssl=1 1.5x, https:\/\/i0.wp.com\/www.critical-stages.org\/23\/wp-content\/uploads\/sites\/24\/2021\/05\/Photo-3.jpg?resize=700%2C400&ssl=1 2x"},"classes":[]},{"id":267,"url":"https:\/\/www.critical-stages.org\/23\/creating-in-between-times-and-identities-expressions-of-contemporary-theatre-in-guatemala\/","url_meta":{"origin":230,"position":4},"title":"Creating In-between Times and Identities: Expressions of Contemporary Theatre in Guatemala","author":"Selim Lander","date":"May 5, 2021","format":false,"excerpt":"Regina Solis Miranda* and Luis Antonio Morales Rodr\u00edguez** Abstract Theatricality in contemporary Guatemala has its own poetics shaped by a tense interaction of multiple identities in a context defined by enforced colonial logic. By recognizing Mayan and Ladino\/mestizo theatrical trends, we can explore alternative ways of thinking that shape contemporary\u2026","rel":"","context":"In &quot;National Reports&quot;","block_context":{"text":"National Reports","link":"https:\/\/www.critical-stages.org\/23\/category\/national-reports\/"},"img":{"alt_text":"","src":"https:\/\/i0.wp.com\/www.critical-stages.org\/23\/wp-content\/uploads\/sites\/24\/2021\/05\/image6.jpeg?resize=350%2C200&ssl=1","width":350,"height":200,"srcset":"https:\/\/i0.wp.com\/www.critical-stages.org\/23\/wp-content\/uploads\/sites\/24\/2021\/05\/image6.jpeg?resize=350%2C200&ssl=1 1x, https:\/\/i0.wp.com\/www.critical-stages.org\/23\/wp-content\/uploads\/sites\/24\/2021\/05\/image6.jpeg?resize=525%2C300&ssl=1 1.5x, https:\/\/i0.wp.com\/www.critical-stages.org\/23\/wp-content\/uploads\/sites\/24\/2021\/05\/image6.jpeg?resize=700%2C400&ssl=1 2x"},"classes":[]},{"id":129,"url":"https:\/\/www.critical-stages.org\/23\/interviews-with-jorge-vargas-and-cabino-rodriguez\/","url_meta":{"origin":230,"position":5},"title":"Mexican avant-garde: Interviews with Jorge Vargas and Gabino Rodriguez","author":"Selim Lander","date":"May 21, 2021","format":false,"excerpt":"by Steve Capra* Mexican theatre\u2014its avant-garde\u2014is vaguely associated in the anglophone mind with documentary theatre. In 2019, I had the pleasure of interviewing two of the leading directors in Mexico City. I learned that Mexican theatre is\u2014 not surprisingly\u2014a good deal more complex than that. Indeed, the nature of its\u2026","rel":"","context":"In &quot;Interviews&quot;","block_context":{"text":"Interviews","link":"https:\/\/www.critical-stages.org\/23\/category\/interviews\/"},"img":{"alt_text":"","src":"https:\/\/i0.wp.com\/www.critical-stages.org\/23\/wp-content\/uploads\/sites\/24\/2021\/04\/Rodriguez-Vargas.jpg?resize=350%2C200&ssl=1","width":350,"height":200,"srcset":"https:\/\/i0.wp.com\/www.critical-stages.org\/23\/wp-content\/uploads\/sites\/24\/2021\/04\/Rodriguez-Vargas.jpg?resize=350%2C200&ssl=1 1x, https:\/\/i0.wp.com\/www.critical-stages.org\/23\/wp-content\/uploads\/sites\/24\/2021\/04\/Rodriguez-Vargas.jpg?resize=525%2C300&ssl=1 1.5x, https:\/\/i0.wp.com\/www.critical-stages.org\/23\/wp-content\/uploads\/sites\/24\/2021\/04\/Rodriguez-Vargas.jpg?resize=700%2C400&ssl=1 2x"},"classes":[]}],"_links":{"self":[{"href":"https:\/\/www.critical-stages.org\/23\/wp-json\/wp\/v2\/posts\/230","targetHints":{"allow":["GET"]}}],"collection":[{"href":"https:\/\/www.critical-stages.org\/23\/wp-json\/wp\/v2\/posts"}],"about":[{"href":"https:\/\/www.critical-stages.org\/23\/wp-json\/wp\/v2\/types\/post"}],"author":[{"embeddable":true,"href":"https:\/\/www.critical-stages.org\/23\/wp-json\/wp\/v2\/users\/1"}],"replies":[{"embeddable":true,"href":"https:\/\/www.critical-stages.org\/23\/wp-json\/wp\/v2\/comments?post=230"}],"version-history":[{"count":5,"href":"https:\/\/www.critical-stages.org\/23\/wp-json\/wp\/v2\/posts\/230\/revisions"}],"predecessor-version":[{"id":1053,"href":"https:\/\/www.critical-stages.org\/23\/wp-json\/wp\/v2\/posts\/230\/revisions\/1053"}],"wp:featuredmedia":[{"embeddable":true,"href":"https:\/\/www.critical-stages.org\/23\/wp-json\/wp\/v2\/media\/231"}],"wp:attachment":[{"href":"https:\/\/www.critical-stages.org\/23\/wp-json\/wp\/v2\/media?parent=230"}],"wp:term":[{"taxonomy":"category","embeddable":true,"href":"https:\/\/www.critical-stages.org\/23\/wp-json\/wp\/v2\/categories?post=230"},{"taxonomy":"post_tag","embeddable":true,"href":"https:\/\/www.critical-stages.org\/23\/wp-json\/wp\/v2\/tags?post=230"}],"curies":[{"name":"wp","href":"https:\/\/api.w.org\/{rel}","templated":true}]}}