{"id":94,"date":"2018-05-04T16:33:05","date_gmt":"2018-05-04T16:33:05","guid":{"rendered":"https:\/\/www.critical-stages.org\/17\/?p=94"},"modified":"2023-03-01T16:43:53","modified_gmt":"2023-03-01T16:43:53","slug":"le-spaf-face-a-levolution-de-la-coree-entretien-avec-byoung-hoon-lee-directeur-de-la-programmation-du-spaf","status":"publish","type":"post","link":"https:\/\/www.critical-stages.org\/17\/le-spaf-face-a-levolution-de-la-coree-entretien-avec-byoung-hoon-lee-directeur-de-la-programmation-du-spaf\/","title":{"rendered":"Le SPAF face \u00e0 l\u2019\u00e9volution de la Cor\u00e9e : Entretien avec Byoung-hoon Lee, directeur de la programmation du SPAF"},"content":{"rendered":"<p style=\"text-align: right;\">Par <strong>Jisoo Nam<\/strong><a href=\"#end\">*<\/a><\/p>\n<figure id=\"attachment_96\" aria-describedby=\"caption-attachment-96\" style=\"width: 200px\" class=\"wp-caption alignnone\"><img data-recalc-dims=\"1\" loading=\"lazy\" decoding=\"async\" data-attachment-id=\"96\" data-permalink=\"https:\/\/www.critical-stages.org\/17\/le-spaf-face-a-levolution-de-la-coree-entretien-avec-byoung-hoon-lee-directeur-de-la-programmation-du-spaf\/photo-1-lee-byung-hoon\/\" data-orig-file=\"https:\/\/i0.wp.com\/www.critical-stages.org\/17\/wp-content\/uploads\/sites\/18\/2018\/05\/Photo-1-Lee-Byung-Hoon.jpg?fit=400%2C600&amp;ssl=1\" data-orig-size=\"400,600\" data-comments-opened=\"1\" data-image-meta=\"{&quot;aperture&quot;:&quot;0&quot;,&quot;credit&quot;:&quot;&quot;,&quot;camera&quot;:&quot;&quot;,&quot;caption&quot;:&quot;&quot;,&quot;created_timestamp&quot;:&quot;0&quot;,&quot;copyright&quot;:&quot;&quot;,&quot;focal_length&quot;:&quot;0&quot;,&quot;iso&quot;:&quot;0&quot;,&quot;shutter_speed&quot;:&quot;0&quot;,&quot;title&quot;:&quot;&quot;,&quot;orientation&quot;:&quot;0&quot;}\" data-image-title=\"Photo 1 Lee Byung Hoon\" data-image-description=\"\" data-image-caption=\"&lt;p&gt;Lee Byung Hoon&lt;\/p&gt;\n\" data-large-file=\"https:\/\/i0.wp.com\/www.critical-stages.org\/17\/wp-content\/uploads\/sites\/18\/2018\/05\/Photo-1-Lee-Byung-Hoon.jpg?fit=400%2C600&amp;ssl=1\" class=\"size-medium wp-image-96\" src=\"https:\/\/i0.wp.com\/www.critical-stages.org\/17\/wp-content\/uploads\/sites\/18\/2018\/05\/Photo-1-Lee-Byung-Hoon.jpg?resize=200%2C300&#038;ssl=1\" alt=\"\" width=\"200\" height=\"300\" srcset=\"https:\/\/i0.wp.com\/www.critical-stages.org\/17\/wp-content\/uploads\/sites\/18\/2018\/05\/Photo-1-Lee-Byung-Hoon.jpg?resize=200%2C300&amp;ssl=1 200w, https:\/\/i0.wp.com\/www.critical-stages.org\/17\/wp-content\/uploads\/sites\/18\/2018\/05\/Photo-1-Lee-Byung-Hoon.jpg?w=400&amp;ssl=1 400w\" sizes=\"auto, (max-width: 200px) 100vw, 200px\" \/><figcaption id=\"caption-attachment-96\" class=\"wp-caption-text\">Lee Byung Hoon<\/figcaption><\/figure>\n<p>La 18<sup>e<\/sup> \u00e9dition du Festival des arts du spectacle de S\u00e9oul (Seoul Performing Arts Festival \u2013\u00a0SPAF), qui a commenc\u00e9 avec <em>Millenium<\/em>, a eu lieu l\u2019automne dernier \u00e0 S\u00e9oul. Ce fut un petit \u00e9v\u00e9nement, sans \u00e9changes internationaux ni rapport avec les festivals \u00e9trangers, ni fonds suffisants. Pourtant, les com\u00e9diens et les directeurs de th\u00e9\u00e2tre se sont h\u00e2t\u00e9s de s\u2019y rendre pour voir les tendances internationales. Dans ce festival, on organise la programmation de diff\u00e9rentes mani\u00e8res sur les plans de la collaboration et de la coproduction, et l\u2019on offre des ateliers, de sorte que l\u2019on puisse constater les tendances internationales dans plusieurs domaines\u00a0: jeu, mise en sc\u00e8ne, management, afin de contribuer \u00e0 faire reculer les bornes du th\u00e9\u00e2tre cor\u00e9en. Ainsi, les coproductions avec Robert Wilson (<em>Lady From the Sea<\/em>) et Suzuki Tadashi (<em>Electra<\/em>) ont offert aux acteurs une occasion d\u2019exp\u00e9rimenter leurs m\u00e9thodes et pouss\u00e9 les artisans du th\u00e9\u00e2tre cor\u00e9en \u00e0 ne pas se limiter au r\u00e9alisme.<\/p>\n<h6>Video 1<\/h6>\n<div align=\"center\"><iframe loading=\"lazy\" src=\"https:\/\/www.youtube.com\/embed\/9MUB2EnF0M0?rel=0\" width=\"700\" height=\"393\" frameborder=\"0\" allowfullscreen=\"allowfullscreen\"><\/iframe><\/div>\n<p>Malgr\u00e9 sa r\u00e9putation et ses r\u00e9sultats, je me demandais s\u2019il \u00e9tait raisonnable de pr\u00e9senter le SPAF comme un \u00e9v\u00e9nement th\u00e9\u00e2tral repr\u00e9sentatif de ce qui se fait en Cor\u00e9e. En effet, apr\u00e8s 2010, sa r\u00e9putation s\u2019est d\u00e9grad\u00e9e et son autorit\u00e9 n\u2019est toujours pas restaur\u00e9e, ce qui inqui\u00e8te le milieu th\u00e9\u00e2tral cor\u00e9en. Le probl\u00e8me du SPAF n\u2019est pas simple d\u2019un point de vue sociopolitique. Les inspections du gouvernement conservateur (2008-2016) sur la couleur politique des pi\u00e8ces ont remis en cause le caract\u00e8re ind\u00e9pendant de l\u2019\u00e9v\u00e9nement. Mais le probl\u00e8me le plus grave est la disparition du directeur artistique. Le SPAF, qui n\u2019a plus de directeur artistique depuis 2010, souffre de cette situation incompr\u00e9hensible. En cons\u00e9quence, l\u2019organisation a \u00e9t\u00e9 confi\u00e9e au Korea Arts Council, qui a choisi les directeurs de programmes (PD) de th\u00e9\u00e2tre et de danse. M\u00eame si on ne l\u2019explique pas pr\u00e9cis\u00e9ment, le contr\u00f4le du gouvernement et l\u2019absence de direction artistique peuvent entacher l\u2019ind\u00e9pendance du Festival, mais aussi remettre en cause son identit\u00e9 \u00e0 cause du caract\u00e8re atypique de l\u2019organisation.<\/p>\n<p><img data-recalc-dims=\"1\" loading=\"lazy\" decoding=\"async\" data-attachment-id=\"97\" data-permalink=\"https:\/\/www.critical-stages.org\/17\/le-spaf-face-a-levolution-de-la-coree-entretien-avec-byoung-hoon-lee-directeur-de-la-programmation-du-spaf\/photo-2-2016_spaf-poster\/\" data-orig-file=\"https:\/\/i0.wp.com\/www.critical-stages.org\/17\/wp-content\/uploads\/sites\/18\/2018\/05\/Photo-2-2016_SPAF-Poster.jpg?fit=400%2C564&amp;ssl=1\" data-orig-size=\"400,564\" data-comments-opened=\"1\" data-image-meta=\"{&quot;aperture&quot;:&quot;0&quot;,&quot;credit&quot;:&quot;&quot;,&quot;camera&quot;:&quot;&quot;,&quot;caption&quot;:&quot;&quot;,&quot;created_timestamp&quot;:&quot;0&quot;,&quot;copyright&quot;:&quot;&quot;,&quot;focal_length&quot;:&quot;0&quot;,&quot;iso&quot;:&quot;0&quot;,&quot;shutter_speed&quot;:&quot;0&quot;,&quot;title&quot;:&quot;&quot;,&quot;orientation&quot;:&quot;0&quot;}\" data-image-title=\"Photo 2 2016_SPAF-Poster\" data-image-description=\"\" data-image-caption=\"\" data-large-file=\"https:\/\/i0.wp.com\/www.critical-stages.org\/17\/wp-content\/uploads\/sites\/18\/2018\/05\/Photo-2-2016_SPAF-Poster.jpg?fit=400%2C564&amp;ssl=1\" class=\"size-full wp-image-97 aligncenter\" src=\"https:\/\/i0.wp.com\/www.critical-stages.org\/17\/wp-content\/uploads\/sites\/18\/2018\/05\/Photo-2-2016_SPAF-Poster.jpg?resize=400%2C564&#038;ssl=1\" alt=\"\" width=\"400\" height=\"564\" srcset=\"https:\/\/i0.wp.com\/www.critical-stages.org\/17\/wp-content\/uploads\/sites\/18\/2018\/05\/Photo-2-2016_SPAF-Poster.jpg?w=400&amp;ssl=1 400w, https:\/\/i0.wp.com\/www.critical-stages.org\/17\/wp-content\/uploads\/sites\/18\/2018\/05\/Photo-2-2016_SPAF-Poster.jpg?resize=213%2C300&amp;ssl=1 213w\" sizes=\"auto, (max-width: 400px) 100vw, 400px\" \/><\/p>\n<p>La r\u00e9volution des bougies, qui a \u00e9t\u00e9 spontan\u00e9ment organis\u00e9e par les citoyens contre un gouvernement conservateur jug\u00e9 immoral et incapable, a entra\u00een\u00e9 la cr\u00e9ation d\u2019un nouveau gouvernement. Nous esp\u00e9rons maintenant que le SPAF changera en corrigeant les probl\u00e8mes qui sont apparus \u00e0 cette occasion. En cons\u00e9quence, je me demande si l\u2019entretien qui suit est appropri\u00e9 et utile \u00e0 l\u2019heure actuelle, mais le SPAF est encore consid\u00e9r\u00e9 comme un \u00e9v\u00e9nement repr\u00e9sentatif du th\u00e9\u00e2tre cor\u00e9en. Voici donc mon entretien avec Byoung-hoon Lee, PD du SPAF, r\u00e9alis\u00e9 le 15 janvier 2018.<\/p>\n<h6>Video 2<\/h6>\n<div align=\"center\"><iframe loading=\"lazy\" src=\"https:\/\/www.youtube.com\/embed\/fkK7jjUS00I?rel=0\" width=\"700\" height=\"393\" frameborder=\"0\" allowfullscreen=\"allowfullscreen\"><\/iframe><\/div>\n<p style=\"text-align: center;\">***<\/p>\n<blockquote><p>Depuis combien de temps travaillez-vous comme PD du SPAF\u00a0? J\u2019ai entendu dire que vous \u00eates directeur de th\u00e9\u00e2tre et que vous vous int\u00e9ressez aux \u00e9changes internationaux. Est-ce que vous pouvez pr\u00e9senter ce que vous avez r\u00e9alis\u00e9 en tant que PD du SPAF\u00a0?<\/p><\/blockquote>\n<p>Je travaille comme PD du th\u00e9\u00e2tre au Festival depuis 2015. Un des probl\u00e8mes \u00e9tait de g\u00e9rer le SPAF \u00e0 la suite de la d\u00e9mission du pr\u00e9c\u00e9dent PD \u00e0 cause d\u2019une inspection sous le gouvernement conservateur. Au d\u00e9but, le SPAF m\u2019a engag\u00e9 \u00e0 titre temporaire, puis j\u2019ai \u00e9t\u00e9 nomm\u00e9 officiellement. Je n\u2019avais jamais pens\u00e9 accomplir une telle t\u00e2che. Avant, je critiquais souvent le SPAF. En fait, j\u2019ai \u00e9t\u00e9 tr\u00e8s occup\u00e9 pendant deux ans parce que j\u2019ai commenc\u00e9 sans pr\u00e9paration. Maintenant, je pense que je peux pr\u00e9parer les deux prochaines ann\u00e9es sans me presser. Je supposais qu\u2019il y aurait un changement dans l\u2019organisation \u00e0 cause du nouveau gouvernement, mais je pense maintenant que je continuerai encore deux ans. Il faut au moins trois ans pour pr\u00e9parer l\u2019\u00e9v\u00e9nement et on n\u2019a pas pu facilement pr\u00e9voir l\u2019avenir du SPAF \u00e0 cause des probl\u00e8mes sociopolitiques, du budget fix\u00e9 par le Parlement et de la dur\u00e9e du mandat. Ce probl\u00e8me ne concerne pas seulement le SPAF, mais aussi tout le th\u00e9\u00e2tre cor\u00e9en.<\/p>\n<p><strong><img data-recalc-dims=\"1\" loading=\"lazy\" decoding=\"async\" data-attachment-id=\"98\" data-permalink=\"https:\/\/www.critical-stages.org\/17\/le-spaf-face-a-levolution-de-la-coree-entretien-avec-byoung-hoon-lee-directeur-de-la-programmation-du-spaf\/photo-3-2017_spaf_poster\/\" data-orig-file=\"https:\/\/i0.wp.com\/www.critical-stages.org\/17\/wp-content\/uploads\/sites\/18\/2018\/05\/Photo-3-2017_SPAF_Poster.jpg?fit=400%2C570&amp;ssl=1\" data-orig-size=\"400,570\" data-comments-opened=\"1\" data-image-meta=\"{&quot;aperture&quot;:&quot;0&quot;,&quot;credit&quot;:&quot;&quot;,&quot;camera&quot;:&quot;&quot;,&quot;caption&quot;:&quot;&quot;,&quot;created_timestamp&quot;:&quot;0&quot;,&quot;copyright&quot;:&quot;&quot;,&quot;focal_length&quot;:&quot;0&quot;,&quot;iso&quot;:&quot;0&quot;,&quot;shutter_speed&quot;:&quot;0&quot;,&quot;title&quot;:&quot;&quot;,&quot;orientation&quot;:&quot;0&quot;}\" data-image-title=\"Photo 3 2017_SPAF_Poster\" data-image-description=\"\" data-image-caption=\"\" data-large-file=\"https:\/\/i0.wp.com\/www.critical-stages.org\/17\/wp-content\/uploads\/sites\/18\/2018\/05\/Photo-3-2017_SPAF_Poster.jpg?fit=400%2C570&amp;ssl=1\" class=\"size-full wp-image-98 aligncenter\" src=\"https:\/\/i0.wp.com\/www.critical-stages.org\/17\/wp-content\/uploads\/sites\/18\/2018\/05\/Photo-3-2017_SPAF_Poster.jpg?resize=400%2C570&#038;ssl=1\" alt=\"\" width=\"400\" height=\"570\" srcset=\"https:\/\/i0.wp.com\/www.critical-stages.org\/17\/wp-content\/uploads\/sites\/18\/2018\/05\/Photo-3-2017_SPAF_Poster.jpg?w=400&amp;ssl=1 400w, https:\/\/i0.wp.com\/www.critical-stages.org\/17\/wp-content\/uploads\/sites\/18\/2018\/05\/Photo-3-2017_SPAF_Poster.jpg?resize=211%2C300&amp;ssl=1 211w\" sizes=\"auto, (max-width: 400px) 100vw, 400px\" \/>\u00a0<\/strong><\/p>\n<blockquote><p>Il y a longtemps que le PD g\u00e8re le SPAF sans direction artistique. L\u2019absence de directeur artistique est un gros probl\u00e8me, \u00e0 cause du risque de perdre la direction ou le but de l\u2019\u00e9v\u00e9nement. En effet, le th\u00e8me choisi permet de situer le discours quotidien dans l\u2019ensemble de la programmation th\u00e9\u00e2trale, et cela devient pour les spectateurs une norme pour comprendre les tendances th\u00e9\u00e2trales. Je me demande comment on choisit le th\u00e8me du SPAF car il faut prendre en consid\u00e9ration la relation entre la s\u00e9lection des \u0153uvres et le th\u00e8me, les communications entre le PD du th\u00e9\u00e2tre et celui de la danse, ainsi que les critiques r\u00e9centes sur le th\u00e8me de l\u2019\u00e9v\u00e9nement.<\/p><\/blockquote>\n<h6>Video 3<\/h6>\n<div align=\"center\"><iframe loading=\"lazy\" src=\"https:\/\/www.youtube.com\/embed\/ybnFHuVCez8?rel=0\" width=\"700\" height=\"393\" frameborder=\"0\" allowfullscreen=\"allowfullscreen\"><\/iframe><\/div>\n<p>L\u2019id\u00e9al est de choisir d\u2019abord le th\u00e8me et les \u0153uvres apr\u00e8s, mais nous n\u2019avons eu ni le temps ni les infrastructures n\u00e9cessaires pour y parvenir. Alors, on a d\u2019abord s\u00e9lectionn\u00e9 des \u0153uvres et puis trouv\u00e9 le mot-cl\u00e9. En fait, m\u00eame s\u2019il y a un PD de danse, il n\u2019est pas facile de trouver un mot-cl\u00e9. C\u2019est pourquoi on en cherche un dans le th\u00e9\u00e2tre. C\u2019est ainsi qu\u2019avec <em>Jules C\u00e9sar<\/em> de Silviu Purcarete ou <em>The Great Tamer<\/em> de Dimitris Papaioannou, le th\u00e8me de l\u2019ann\u00e9e derni\u00e8re, \u00ab\u00a0Demander au pass\u00e9\u00a0\u00bb, a \u00e9t\u00e9 tir\u00e9 de l\u2019int\u00e9r\u00eat pour la litt\u00e9rature classique et pour l\u2019histoire, le corps et l\u2019espace du th\u00e9\u00e2tre, et le th\u00e8me de l\u2019humanit\u00e9. Cette ann\u00e9e, on r\u00e9fl\u00e9chit \u00e0 un th\u00e8me. Je propose \u00ab\u00a0Inqui\u00e9tude\u00a0\u00bb, un des sujets qui me tient \u00e0 c\u0153ur. J\u2019ai envie de raconter, \u00e0 travers le th\u00e9\u00e2tre, diff\u00e9rentes inqui\u00e9tudes telles que celle sur le d\u00e9sir f\u00e9tichiste dans l\u2019existence humaine ou celle de la soci\u00e9t\u00e9 \u00e0 l\u2019heure des attentats, les r\u00e9fugi\u00e9s et la guerre.<\/p>\n<figure id=\"attachment_99\" aria-describedby=\"caption-attachment-99\" style=\"width: 555px\" class=\"wp-caption aligncenter\"><img data-recalc-dims=\"1\" loading=\"lazy\" decoding=\"async\" data-attachment-id=\"99\" data-permalink=\"https:\/\/www.critical-stages.org\/17\/le-spaf-face-a-levolution-de-la-coree-entretien-avec-byoung-hoon-lee-directeur-de-la-programmation-du-spaf\/photo-4-2017_spaf_the_great_tamer_greece\/\" data-orig-file=\"https:\/\/i0.wp.com\/www.critical-stages.org\/17\/wp-content\/uploads\/sites\/18\/2018\/05\/Photo-4-2017_Spaf_the_great_tamer_Greece.jpg?fit=555%2C368&amp;ssl=1\" data-orig-size=\"555,368\" data-comments-opened=\"1\" data-image-meta=\"{&quot;aperture&quot;:&quot;0&quot;,&quot;credit&quot;:&quot;&quot;,&quot;camera&quot;:&quot;&quot;,&quot;caption&quot;:&quot;&quot;,&quot;created_timestamp&quot;:&quot;0&quot;,&quot;copyright&quot;:&quot;&quot;,&quot;focal_length&quot;:&quot;0&quot;,&quot;iso&quot;:&quot;0&quot;,&quot;shutter_speed&quot;:&quot;0&quot;,&quot;title&quot;:&quot;&quot;,&quot;orientation&quot;:&quot;0&quot;}\" data-image-title=\"Photo 4 2017_Spaf_the_great_tamer_Greece\" data-image-description=\"\" data-image-caption=\"&lt;p&gt;The Great Tamer de Dimitris Papaioannou&lt;\/p&gt;\n\" data-large-file=\"https:\/\/i0.wp.com\/www.critical-stages.org\/17\/wp-content\/uploads\/sites\/18\/2018\/05\/Photo-4-2017_Spaf_the_great_tamer_Greece.jpg?fit=555%2C368&amp;ssl=1\" class=\"size-full wp-image-99\" src=\"https:\/\/i0.wp.com\/www.critical-stages.org\/17\/wp-content\/uploads\/sites\/18\/2018\/05\/Photo-4-2017_Spaf_the_great_tamer_Greece.jpg?resize=555%2C368&#038;ssl=1\" alt=\"\" width=\"555\" height=\"368\" srcset=\"https:\/\/i0.wp.com\/www.critical-stages.org\/17\/wp-content\/uploads\/sites\/18\/2018\/05\/Photo-4-2017_Spaf_the_great_tamer_Greece.jpg?w=555&amp;ssl=1 555w, https:\/\/i0.wp.com\/www.critical-stages.org\/17\/wp-content\/uploads\/sites\/18\/2018\/05\/Photo-4-2017_Spaf_the_great_tamer_Greece.jpg?resize=300%2C199&amp;ssl=1 300w\" sizes=\"auto, (max-width: 555px) 100vw, 555px\" \/><figcaption id=\"caption-attachment-99\" class=\"wp-caption-text\"><em>The Great Tamer<\/em> de Dimitris Papaioannou<\/figcaption><\/figure>\n<blockquote><p>Je sais que le SPAF n\u2019a pas de budget suffisant. Vous disposez de combien\u00a0? Combien de fonds sont vers\u00e9s\u00a0? Combien rapporte la vente des billets\u00a0? Je vois que l\u2019\u00e9v\u00e9nement est r\u00e9duit depuis quelques ann\u00e9es.<\/p><\/blockquote>\n<p>L\u2019\u00c9tat a vers\u00e9 neuf cents millions. Ce n\u2019est pas suffisant pour ce genre de festival international. Alors on compense par la billetterie. On a les m\u00eames revenus cette ann\u00e9e que l\u2019ann\u00e9e derni\u00e8re, mais ce sera plus difficile parce qu\u2019on doit payer le salaire du Centre d\u2019aide de l\u2019art, le loyer, etc. L\u2019ann\u00e9e derni\u00e8re, on a augment\u00e9 les revenus gr\u00e2ce aux \u0153uvres jou\u00e9es pour la premi\u00e8re fois au Grand Th\u00e9\u00e2tre, comme <a href=\"https:\/\/fr.wikipedia.org\/wiki\/M%C3%A8re_Courage_et_ses_enfants\" target=\"_blank\" rel=\"noopener\"><em>M\u00e8re Courage et ses enfants<\/em><\/a> de Yun-Taek Lee et <em>The Great Play<\/em> du Th\u00e9\u00e2tre Haddangse qui ont \u00e9t\u00e9 pr\u00e9sent\u00e9es \u00e0 guichet ferm\u00e9, et j\u2019esp\u00e8re que cela arrivera encore cette ann\u00e9e. On avait beaucoup re\u00e7u il y a 10 ans\u00a0: un milliard cent quatre-vingts millions au total, entre la subvention de l\u2019\u00c9tat et celle de la ville de S\u00e9oul. Alors, ce n\u2019est pas comparable au budget de cette ann\u00e9e. En fait les fonds ne sont pas suffisants et le budget a augment\u00e9 entre temps, si bien que quelques th\u00e9\u00e2tres ont failli annuler deux ou trois mois avant le Festival. Normalement, on r\u00e9serve 400 \u00e0 500 millions pour les th\u00e9\u00e2tres \u00e9trangers et le reste pour les spectacles locaux et les \u00e9v\u00e9nements sp\u00e9ciaux. Par cons\u00e9quent, il \u00e9tait difficile d\u2019inviter de grands spectacles\u00a0; on en invite des petits, sauf un ou deux pour le Grand Th\u00e9\u00e2tre. Voil\u00e0 pourquoi nous pr\u00e9sentons des spectacles solos depuis 2016. \u00c0 propos de diversit\u00e9, un th\u00e9\u00e2tre de marionnette est toujours l\u00e0. Ce sera le cas cette ann\u00e9e encore.<\/p>\n<figure id=\"attachment_100\" aria-describedby=\"caption-attachment-100\" style=\"width: 555px\" class=\"wp-caption aligncenter\"><img data-recalc-dims=\"1\" loading=\"lazy\" decoding=\"async\" data-attachment-id=\"100\" data-permalink=\"https:\/\/www.critical-stages.org\/17\/le-spaf-face-a-levolution-de-la-coree-entretien-avec-byoung-hoon-lee-directeur-de-la-programmation-du-spaf\/photo-5-2017_spaf_the_great_play_korean-group\/\" data-orig-file=\"https:\/\/i0.wp.com\/www.critical-stages.org\/17\/wp-content\/uploads\/sites\/18\/2018\/05\/Photo-5-2017_spaf_the_great_play_Korean-Group.jpg?fit=555%2C368&amp;ssl=1\" data-orig-size=\"555,368\" data-comments-opened=\"1\" data-image-meta=\"{&quot;aperture&quot;:&quot;0&quot;,&quot;credit&quot;:&quot;&quot;,&quot;camera&quot;:&quot;&quot;,&quot;caption&quot;:&quot;&quot;,&quot;created_timestamp&quot;:&quot;0&quot;,&quot;copyright&quot;:&quot;&quot;,&quot;focal_length&quot;:&quot;0&quot;,&quot;iso&quot;:&quot;0&quot;,&quot;shutter_speed&quot;:&quot;0&quot;,&quot;title&quot;:&quot;&quot;,&quot;orientation&quot;:&quot;0&quot;}\" data-image-title=\"Photo 5 2017_spaf_the_great_play_Korean Group\" data-image-description=\"\" data-image-caption=\"&lt;p&gt;The Great Play du Th\u00e9\u00e2tre Haddangse&lt;\/p&gt;\n\" data-large-file=\"https:\/\/i0.wp.com\/www.critical-stages.org\/17\/wp-content\/uploads\/sites\/18\/2018\/05\/Photo-5-2017_spaf_the_great_play_Korean-Group.jpg?fit=555%2C368&amp;ssl=1\" class=\"size-full wp-image-100\" src=\"https:\/\/i0.wp.com\/www.critical-stages.org\/17\/wp-content\/uploads\/sites\/18\/2018\/05\/Photo-5-2017_spaf_the_great_play_Korean-Group.jpg?resize=555%2C368&#038;ssl=1\" alt=\"\" width=\"555\" height=\"368\" srcset=\"https:\/\/i0.wp.com\/www.critical-stages.org\/17\/wp-content\/uploads\/sites\/18\/2018\/05\/Photo-5-2017_spaf_the_great_play_Korean-Group.jpg?w=555&amp;ssl=1 555w, https:\/\/i0.wp.com\/www.critical-stages.org\/17\/wp-content\/uploads\/sites\/18\/2018\/05\/Photo-5-2017_spaf_the_great_play_Korean-Group.jpg?resize=300%2C199&amp;ssl=1 300w\" sizes=\"auto, (max-width: 555px) 100vw, 555px\" \/><figcaption id=\"caption-attachment-100\" class=\"wp-caption-text\"><em>The Great Play<\/em> du Th\u00e9\u00e2tre Haddangse<\/figcaption><\/figure>\n<blockquote><p>Alors, quels sont vos crit\u00e8res de s\u00e9lection et la mani\u00e8re de proc\u00e9der \u00e0 vos choix\u00a0?<\/p><\/blockquote>\n<p>Comme les \u0153uvres locales sont s\u00e9lectionn\u00e9es par un concours, le PD a une autonomie limit\u00e9e. J\u2019encourage donc les auteurs d\u2019\u0153uvres int\u00e9ressantes \u00e0 participer au concours. J\u2019ai envie de voir des \u0153uvres dans lesquelles l\u2019auteur donne une grande importance au caract\u00e8re local et \u00e0 l\u2019identit\u00e9. Je crois qu\u2019il y a beaucoup d\u2019\u0153uvres qui montrent la nouveaut\u00e9, mais rares sont celles qui cherchent profond\u00e9ment l\u2019essentiel. Notamment, j\u2019esp\u00e8re que la jeune g\u00e9n\u00e9ration ne fera pas que des essais superficiels. M\u00eame si le th\u00e9\u00e2tre cor\u00e9en semble grandi, il est un peu l\u00e9ger. Il est jeune aussi, parce que nous avons appris le th\u00e9\u00e2tre des Japonais au XX<sup>e<\/sup> si\u00e8cle, alors que les Occidentaux ont \u00e9tabli leur th\u00e9\u00e2tre sur un h\u00e9ritage \u00e9norme. Pourtant, nous avons quand m\u00eame le m\u00e9rite d\u2019avoir d\u00e9velopp\u00e9 notre propre th\u00e9\u00e2tre, malgr\u00e9 des souffrances telles que la colonisation japonaise, la guerre civile, ou la dictature et les conflits d\u00e9mocratiques. J\u2019esp\u00e8re qu\u2019on se concentrera \u00e0 faire un th\u00e9\u00e2tre qui consid\u00e8re profond\u00e9ment notre \u00e9poque, notre existence, et l\u2019\u00eatre humain. Je pense que c\u2019est ce qui caract\u00e9rise le th\u00e9\u00e2tre en g\u00e9n\u00e9ral, au quotidien, sur les plans international et cor\u00e9en, et que c\u2019est la direction que nous devons prendre.<\/p>\n<blockquote><p>En ce moment, pour \u00eatre sinc\u00e8re, le SPAF n\u2019est pas soutenu par le th\u00e9\u00e2tre cor\u00e9en \u00e0 cause de l\u2019affaire des inspections, etc. J\u2019ai envie d\u2019entendre ce que vous pensez de vous-m\u00eame et de ce que vous sugg\u00e9rez pour le d\u00e9veloppement, ainsi que l\u2019effort \u00e0 faire pour le SPAF.<\/p><\/blockquote>\n<p>Pour bien g\u00e9rer cet \u00e9v\u00e9nement, il faut d\u2019abord un syst\u00e8me ind\u00e9pendant de la politique. Mais ce n\u2019est pas \u00e0 moi de le dire parce que cela d\u00e9pend de la politique. Pour ma part, je dois renforcer le SPAF en tant que PD. J\u2019ai \u00e9t\u00e9 tr\u00e8s \u00e9tonn\u00e9 que le SPAF ne poss\u00e8de pas d\u2019archives sur ses 18 ans d\u2019existence. Ce serait un grand atout. Depuis que je travaille ici, nous gardons des archives des textes de th\u00e9\u00e2tre et on peut consulter sur Internet les discussions avec les spectateurs. Cette ann\u00e9e, nous aurons plus de temps pour discuter avec les spectateurs. Parce que c\u2019est dommage que cette activit\u00e9 ait lieu apr\u00e8s le spectacle, dans un temps limit\u00e9. J\u2019ai le projet d\u2019organiser des discussions avec les artistes, de voir les films concern\u00e9s, de faire les s\u00e9minaires pendant la journ\u00e9e de l\u2019\u00e9v\u00e9nement. Je pense que le SPAF doit aider \u00e0 penser humainement plus.<\/p>\n<blockquote><p>Avant, on r\u00eavait de devenir le plus important \u00e9v\u00e9nement th\u00e9\u00e2tral d\u2019Asie, mais le SPAF diminue alors que le march\u00e9 du th\u00e9\u00e2tre chinois se d\u00e9veloppe. Est-ce que le SPAF peut retrouver sa r\u00e9putation en Asie\u00a0?<\/p><\/blockquote>\n<p>Le Japon a d\u00e9j\u00e0 \u00e9t\u00e9 la Mecque du th\u00e9\u00e2tre en Asie, alors que la Chine a pris ce r\u00f4le r\u00e9cemment. Ce n\u2019est pas facile de d\u00e9passer les Chinois dans ce domaine. J\u2019esp\u00e8re que le SPAF sera capable de fonctionner en tant que march\u00e9 de l\u2019art apr\u00e8s avoir r\u00e9tabli la r\u00e9putation d\u2019un th\u00e9\u00e2tre cor\u00e9en ind\u00e9pendant. Mais je pense que \u00e7a prendra pas mal de temps. En fait, les spectateurs s\u2019int\u00e9ressaient aux th\u00e9\u00e2tres \u00e9trangers. Pourtant, l\u2019ann\u00e9e derni\u00e8re, les th\u00e9\u00e2tres cor\u00e9ens \u00e9taient complets et les spectateurs ont beaucoup aim\u00e9 <em>Lapin blanc et lapin rouge<\/em> que Nassim Soliemanpour, un jeune Iranien, a mis en sc\u00e8ne avec des com\u00e9diens cor\u00e9ens. \u00c0 ce propos, je pense qu\u2019il faut faire de la publicit\u00e9 pour le th\u00e9\u00e2tre local et trouver un soutien pour la production. Ah, il faudrait vraiment pr\u00e9senter le r\u00e9pertoire que le SPAF produit. <em>The Great Tamer <\/em>de Papaioannou \u00e9tait la premi\u00e8re \u0153uvre de production \u00e9trang\u00e8re \u00e0 laquelle le SPAF a particip\u00e9.<\/p>\n<h6>Video 4<\/h6>\n<div align=\"center\"><iframe loading=\"lazy\" src=\"https:\/\/www.youtube.com\/embed\/8lrIpLtnXj0?rel=0\" width=\"700\" height=\"393\" frameborder=\"0\" allowfullscreen=\"allowfullscreen\"><\/iframe><\/div>\n<blockquote><p>Voici ma derni\u00e8re question. J\u2019imagine que vous avez visit\u00e9 des festivals et des th\u00e9\u00e2tres dans le monde entier. Quel endroit vous a le plus impressionn\u00e9\u00a0? Et quel genre de th\u00e9\u00e2tre voulez-vous nous pr\u00e9senter au festival en tant que PD\u00a0?<\/p><\/blockquote>\n<p>J\u2019ai \u00e9t\u00e9 tr\u00e8s touch\u00e9 \u00e0 Vilnius, en Lituanie. Les \u0153uvres, qui \u00e9taient magnifiques, avaient un caract\u00e8re exp\u00e9rimental et un esprit puis\u00e9s dans la vie quotidienne. Quand j\u2019ai vu une religieuse prier devant la statue de la Vierge noire et une vieille dame qui priait en passant devant, cela m\u2019a calm\u00e9. J\u2019ai enfin commenc\u00e9 \u00e0 comprendre la signification et les m\u00e9taphores des \u0153uvres de Rimas Tuminas ou d\u2019Eimuntas Nekrosius. C\u2019est-\u00e0-dire que leur vie est li\u00e9e \u00e0 l\u2019art. Ce n\u2019est pas comme nos arts, qui montrent notre d\u00e9sir. Je pense qu\u2019il n\u2019est pas suffisant d\u2019expliquer son attitude envers le th\u00e9\u00e2tre avec les mots \u00ab\u00a0passion\u00a0\u00bb ou \u00ab\u00a0s\u00e9rieux\u00a0\u00bb. Un producteur du th\u00e9\u00e2tre m\u2019a dit\u00a0: le th\u00e9\u00e2tre, c\u2019est comme l\u2019\u00c9tat. Des th\u00e9\u00e2tres, des salles de r\u00e9p\u00e9tition, des bureaux bien rang\u00e9s, tout \u00e7a montre comment on consid\u00e8re le th\u00e9\u00e2tre. J\u2019ai envie de pr\u00e9senter des pi\u00e8ces de th\u00e9\u00e2tre qui cherchent l\u2019essence de l\u2019humanit\u00e9 et qui touchent des gens \u00e9puis\u00e9s mentalement et spirituellement.<\/p>\n<blockquote><p>\u00c7a veut dire qu\u2019on pourra voir des \u0153uvres lituaniennes cette ann\u00e9e\u00a0? Je vous remercie pour cette interview.<\/p><\/blockquote>\n<p>Plus d\u2019info\u00a0: <a href=\"http:\/\/www.spaf.or.kr\" target=\"_blank\" rel=\"noopener\">www.spaf.or.kr<\/a><a name=\"end\"><\/a><\/p>\n<hr \/>\n<p><img data-recalc-dims=\"1\" loading=\"lazy\" decoding=\"async\" data-attachment-id=\"95\" data-permalink=\"https:\/\/www.critical-stages.org\/17\/le-spaf-face-a-levolution-de-la-coree-entretien-avec-byoung-hoon-lee-directeur-de-la-programmation-du-spaf\/jisoo-nam\/\" data-orig-file=\"https:\/\/i0.wp.com\/www.critical-stages.org\/17\/wp-content\/uploads\/sites\/18\/2018\/05\/Jisoo-Nam.png?fit=400%2C456&amp;ssl=1\" data-orig-size=\"400,456\" data-comments-opened=\"1\" data-image-meta=\"{&quot;aperture&quot;:&quot;0&quot;,&quot;credit&quot;:&quot;&quot;,&quot;camera&quot;:&quot;&quot;,&quot;caption&quot;:&quot;&quot;,&quot;created_timestamp&quot;:&quot;0&quot;,&quot;copyright&quot;:&quot;&quot;,&quot;focal_length&quot;:&quot;0&quot;,&quot;iso&quot;:&quot;0&quot;,&quot;shutter_speed&quot;:&quot;0&quot;,&quot;title&quot;:&quot;&quot;,&quot;orientation&quot;:&quot;0&quot;}\" data-image-title=\"Jisoo Nam\" data-image-description=\"\" data-image-caption=\"\" data-large-file=\"https:\/\/i0.wp.com\/www.critical-stages.org\/17\/wp-content\/uploads\/sites\/18\/2018\/05\/Jisoo-Nam.png?fit=400%2C456&amp;ssl=1\" class=\"alignnone size-thumbnail wp-image-95\" src=\"https:\/\/i0.wp.com\/www.critical-stages.org\/17\/wp-content\/uploads\/sites\/18\/2018\/05\/Jisoo-Nam.png?resize=150%2C150&#038;ssl=1\" alt=\"\" width=\"150\" height=\"150\" srcset=\"https:\/\/i0.wp.com\/www.critical-stages.org\/17\/wp-content\/uploads\/sites\/18\/2018\/05\/Jisoo-Nam.png?resize=150%2C150&amp;ssl=1 150w, https:\/\/i0.wp.com\/www.critical-stages.org\/17\/wp-content\/uploads\/sites\/18\/2018\/05\/Jisoo-Nam.png?resize=270%2C270&amp;ssl=1 270w, https:\/\/i0.wp.com\/www.critical-stages.org\/17\/wp-content\/uploads\/sites\/18\/2018\/05\/Jisoo-Nam.png?resize=230%2C230&amp;ssl=1 230w\" sizes=\"auto, (max-width: 150px) 100vw, 150px\" \/><\/p>\n<p><a name=\"end\"><\/a>*<strong>Jisoo Nam<\/strong> est dramaturge et professeure \u00e0 l\u2019universit\u00e9 Dongguk et de l\u2019Institut des arts de S\u00e9oul, en Cor\u00e9e. Comme elle s\u2019int\u00e9resse au th\u00e9\u00e2tre contemporain, elle a \u00e9crit de nombreux articles sur les pratiques th\u00e9\u00e2trales cor\u00e9ennes et europ\u00e9ennes et a aussi publi\u00e9 un livre intitul\u00e9<em>Le Th\u00e9\u00e2tre n\u00e9o-documentaire<\/em>.<\/p>\n<p style=\"text-align: center; font-size: 14px;\">Copyright <strong>\u00a9<\/strong> 2018 Jisoo Nam<br \/>\n<em>Critical Stages\/Sc\u00e8nes critiques<\/em> e-ISSN: 2409-7411<\/p>\n<p style=\"text-align: center;\"><a href=\"https:\/\/creativecommons.org\/licenses\/by-nc-nd\/4.0\/\" target=\"_blank\" rel=\"noopener\"><img data-recalc-dims=\"1\" loading=\"lazy\" decoding=\"async\" class=\"alignnone\" src=\"https:\/\/i0.wp.com\/www.critical-stages.org\/wp-content\/uploads\/2021\/03\/88x31.png?resize=88%2C31&#038;ssl=1\" alt=\"\" width=\"88\" height=\"31\" \/><\/a><\/p>\n<p style=\"text-align: center; font-size: 14px;\">This work is licensed under the<br \/>\nCreative Commons Attribution International License CC BY-NC-ND 4.0.<\/p>\n","protected":false},"excerpt":{"rendered":"<p>Par Jisoo Nam* La 18e \u00e9dition du Festival des arts du spectacle de S\u00e9oul (Seoul Performing Arts Festival \u2013\u00a0SPAF), qui a commenc\u00e9 avec Millenium, a eu lieu l\u2019automne dernier \u00e0 S\u00e9oul. Ce fut un petit \u00e9v\u00e9nement, sans \u00e9changes internationaux ni<\/p>\n","protected":false},"author":1,"featured_media":100,"comment_status":"closed","ping_status":"open","sticky":false,"template":"","format":"standard","meta":{"jetpack_post_was_ever_published":false,"_jetpack_newsletter_access":"","_jetpack_dont_email_post_to_subs":false,"_jetpack_newsletter_tier_id":0,"_jetpack_memberships_contains_paywalled_content":false,"_jetpack_memberships_contains_paid_content":false,"footnotes":"","jetpack_publicize_message":"","jetpack_publicize_feature_enabled":true,"jetpack_social_post_already_shared":false,"jetpack_social_options":{"image_generator_settings":{"template":"highway","default_image_id":0,"font":"","enabled":false},"version":2}},"categories":[6],"tags":[18],"class_list":["post-94","post","type-post","status-publish","format-standard","has-post-thumbnail","hentry","category-interviews","tag-by-jisoo-nam","","tg-column-two"],"jetpack_publicize_connections":[],"jetpack_featured_media_url":"https:\/\/i0.wp.com\/www.critical-stages.org\/17\/wp-content\/uploads\/sites\/18\/2018\/05\/Photo-5-2017_spaf_the_great_play_Korean-Group.jpg?fit=555%2C368&ssl=1","jetpack_sharing_enabled":true,"jetpack_shortlink":"https:\/\/wp.me\/p9Xk3S-1w","jetpack-related-posts":[],"_links":{"self":[{"href":"https:\/\/www.critical-stages.org\/17\/wp-json\/wp\/v2\/posts\/94","targetHints":{"allow":["GET"]}}],"collection":[{"href":"https:\/\/www.critical-stages.org\/17\/wp-json\/wp\/v2\/posts"}],"about":[{"href":"https:\/\/www.critical-stages.org\/17\/wp-json\/wp\/v2\/types\/post"}],"author":[{"embeddable":true,"href":"https:\/\/www.critical-stages.org\/17\/wp-json\/wp\/v2\/users\/1"}],"replies":[{"embeddable":true,"href":"https:\/\/www.critical-stages.org\/17\/wp-json\/wp\/v2\/comments?post=94"}],"version-history":[{"count":4,"href":"https:\/\/www.critical-stages.org\/17\/wp-json\/wp\/v2\/posts\/94\/revisions"}],"predecessor-version":[{"id":1548,"href":"https:\/\/www.critical-stages.org\/17\/wp-json\/wp\/v2\/posts\/94\/revisions\/1548"}],"wp:featuredmedia":[{"embeddable":true,"href":"https:\/\/www.critical-stages.org\/17\/wp-json\/wp\/v2\/media\/100"}],"wp:attachment":[{"href":"https:\/\/www.critical-stages.org\/17\/wp-json\/wp\/v2\/media?parent=94"}],"wp:term":[{"taxonomy":"category","embeddable":true,"href":"https:\/\/www.critical-stages.org\/17\/wp-json\/wp\/v2\/categories?post=94"},{"taxonomy":"post_tag","embeddable":true,"href":"https:\/\/www.critical-stages.org\/17\/wp-json\/wp\/v2\/tags?post=94"}],"curies":[{"name":"wp","href":"https:\/\/api.w.org\/{rel}","templated":true}]}}